{"id":36367,"date":"2023-07-18T06:00:00","date_gmt":"2023-07-18T04:00:00","guid":{"rendered":"https:\/\/www.opinionpublica.tv\/portada\/2023\/07\/18\/firman-convenio-de-colaboracion-entre-dif-municipal-y-unicef-mexico\/"},"modified":"2023-07-18T06:00:00","modified_gmt":"2023-07-18T04:00:00","slug":"firman-convenio-de-colaboracion-entre-dif-municipal-y-unicef-mexico","status":"publish","type":"post","link":"https:\/\/www.opinionpublica.tv\/portada\/firman-convenio-de-colaboracion-entre-dif-municipal-y-unicef-mexico\/","title":{"rendered":"Firman convenio de colaboraci\u00f3n entre DIF Municipal y Unicef M\u00e9xico"},"content":{"rendered":"<p><img fetchpriority=\"high\" decoding=\"async\" class=\" size-full wp-image-36366\" src=\"https:\/\/www.opinionpublica.tv\/portada\/wp-content\/uploads\/2023\/07\/76e80537197e7b4fc8ac8bdccb5d9072.jpg\" alt=\"\" class=\"caption\" title=\"El DIF destac\u00f3 que este convenio permitir\u00e1 seguir trabajando por las infancias juarenses.\" width=\"1280\" height=\"854\" srcset=\"https:\/\/www.opinionpublica.tv\/portada\/wp-content\/uploads\/2023\/07\/76e80537197e7b4fc8ac8bdccb5d9072.jpg 1280w, https:\/\/www.opinionpublica.tv\/portada\/wp-content\/uploads\/2023\/07\/76e80537197e7b4fc8ac8bdccb5d9072-300x200.jpg 300w, https:\/\/www.opinionpublica.tv\/portada\/wp-content\/uploads\/2023\/07\/76e80537197e7b4fc8ac8bdccb5d9072-1024x683.jpg 1024w, https:\/\/www.opinionpublica.tv\/portada\/wp-content\/uploads\/2023\/07\/76e80537197e7b4fc8ac8bdccb5d9072-768x512.jpg 768w\" sizes=\"(max-width: 1280px) 100vw, 1280px\" \/><br \/>\n<!--more--><\/p>\n<p style=\"text-align: justify;\"><em>Ciudad Ju\u00e1rez, Chih<\/em>.- El Gobierno Municipal y Unicef M\u00e9xico firmaron un convenio de colaboraci\u00f3n a fin de llevar a cabo acciones conjuntas que contribuyan en el cumplimiento de los derechos de ni\u00f1as, ni\u00f1os y adolescentes juarenses.<\/p>\n<p style=\"text-align: justify;\">El alcalde Cruz P\u00e9rez Cu\u00e9llar, quien firm\u00f3 como testigo de honor, expres\u00f3 que le consta el compromiso que diariamente realiza su esposa y titular del DIF Municipal, Rub\u00ed Enr\u00edquez, y todo su equipo de trabajo a favor de la infancia de la localidad, por lo que este convenio permitir\u00e1 seguir contribuyendo en el bienestar de la sociedad m\u00e1s vulnerable.<\/p>\n<p style=\"text-align: justify;\">La presidenta del DIF Municipal indic\u00f3 que hoy es un d\u00eda muy especial para la frontera, sobre todo para los ni\u00f1os, ni\u00f1as y adolescentes, ya que con la firma del convenio entre Unicef y Desarrollo Integral de la Familia del Municipio de Ju\u00e1rez, se confirma una alianza de trabajo colaborativo.<\/p>\n<p style=\"text-align: justify;\">Mencion\u00f3 que este convenio permitir\u00e1 seguir trabajando por la transformaci\u00f3n de las infancias juarenses.<\/p>\n<p style=\"text-align: justify;\">Destac\u00f3 que Unicef como organismo internacional trabaja de manera ardua para que se respeten los derechos de ni\u00f1os, ni\u00f1as y adolescentes, al igual que para el DIF Municipal es prioritario que las infancias crezcan en contextos de paz con alimentaci\u00f3n, educaci\u00f3n y protecci\u00f3n contra explotaci\u00f3n y pobreza.<\/p>\n<p style=\"text-align: justify;\">Ignacio L\u00f3pez, jefe de oficina de Unicef, indic\u00f3 que para el Fondo de las Naciones Unidas para la Infancia (Unicef), se mantiene una colaboraci\u00f3n constante y fruct\u00edfera con el DIF Municipal a fin de apoyar a las infancias que se encuentran en albergues, Centros de Atenci\u00f3n Social y Educativa para las Familias (Casef) y grupos comunitarios.<\/p>\n<p style=\"text-align: justify;\">Maki Kato, representante adjunta de Unicef en M\u00e9xico, se\u00f1al\u00f3 que la firma del convenio es muy importante porque su objetivo es enlazarse con autoridades que velan por el bienestar de ni\u00f1as, ni\u00f1os y adolescentes.<\/p>\n<p style=\"text-align: justify;\">Resalt\u00f3 el compromiso del Gobierno Municipal de Ju\u00e1rez para mejorar los accesos de los infantes y adolescentes que en esta ciudad habitan, adem\u00e1s reconoci\u00f3 el trabajo que realiza DIF Municipal.<\/p>\n<p style=\"text-align: justify;\">Tras la firma del convenio, se hizo una entrega simb\u00f3lica de 70 tabletas electr\u00f3nicas que Unicef otorg\u00f3 al DIF para llevar a cabo el proyecto Akelius, a trav\u00e9s del cual se impartir\u00e1 el aprendizaje del ingl\u00e9s a estudiantes de los Casef.<\/p>\n<p style=\"text-align: justify;\">Isabel Rodr\u00edguez Betancourt, de Unicef Ju\u00e1rez, detall\u00f3 que el prop\u00f3sito es fomentar el desarrollo de habilidades educativas b\u00e1sicas.<\/p>\n<p style=\"text-align: justify;\">Con la entrega de los aparatos electr\u00f3nicos, el programa de aprendizaje se implementar\u00e1 en los Casef Zapata y Olivia Espinoza.<\/p>\n<p style=\"text-align: justify;\">El presidente municipal agradeci\u00f3 el donativo y manifest\u00f3 que continuar\u00e1n con esta din\u00e1mica de trabajar en equipo porque una ciudad tan compleja como Ju\u00e1rez, con tantos retos, se puede enfrentar de mejor manera si se hace en equipo.<\/p>\n<p style=\"text-align: justify;\">En la ceremonia tambi\u00e9n estuvieron la directora general del DIF Municipal, Luc\u00eda Chavira y el subdirector de la misma instituci\u00f3n, Gilberto Guti\u00e9rrez.<\/p>\n","protected":false},"excerpt":{"rendered":"","protected":false},"author":6,"featured_media":36366,"comment_status":"open","ping_status":"open","sticky":false,"template":"","format":"standard","meta":{"_acf_changed":false,"_monsterinsights_skip_tracking":false,"slim_seo":{"title":"Firman convenio de colaboraci\u00f3n entre DIF Municipal y Unicef M\u00e9xico - Opini\u00f3n P\u00fablica","description":"Ciudad Ju\u00e1rez, Chih .- El Gobierno Municipal y Unicef M\u00e9xico firmaron un convenio de colaboraci\u00f3n a fin de llevar a cabo acciones conjuntas que contribuyan en e"},"footnotes":""},"categories":[11],"tags":[],"class_list":["post-36367","post","type-post","status-publish","format-standard","has-post-thumbnail","hentry","category-tendencias"],"acf":[],"_links":{"self":[{"href":"https:\/\/www.opinionpublica.tv\/portada\/wp-json\/wp\/v2\/posts\/36367","targetHints":{"allow":["GET"]}}],"collection":[{"href":"https:\/\/www.opinionpublica.tv\/portada\/wp-json\/wp\/v2\/posts"}],"about":[{"href":"https:\/\/www.opinionpublica.tv\/portada\/wp-json\/wp\/v2\/types\/post"}],"author":[{"embeddable":true,"href":"https:\/\/www.opinionpublica.tv\/portada\/wp-json\/wp\/v2\/users\/6"}],"replies":[{"embeddable":true,"href":"https:\/\/www.opinionpublica.tv\/portada\/wp-json\/wp\/v2\/comments?post=36367"}],"version-history":[{"count":0,"href":"https:\/\/www.opinionpublica.tv\/portada\/wp-json\/wp\/v2\/posts\/36367\/revisions"}],"wp:featuredmedia":[{"embeddable":true,"href":"https:\/\/www.opinionpublica.tv\/portada\/wp-json\/wp\/v2\/media\/36366"}],"wp:attachment":[{"href":"https:\/\/www.opinionpublica.tv\/portada\/wp-json\/wp\/v2\/media?parent=36367"}],"wp:term":[{"taxonomy":"category","embeddable":true,"href":"https:\/\/www.opinionpublica.tv\/portada\/wp-json\/wp\/v2\/categories?post=36367"},{"taxonomy":"post_tag","embeddable":true,"href":"https:\/\/www.opinionpublica.tv\/portada\/wp-json\/wp\/v2\/tags?post=36367"}],"curies":[{"name":"wp","href":"https:\/\/api.w.org\/{rel}","templated":true}]}}