{"id":36356,"date":"2023-07-18T06:00:00","date_gmt":"2023-07-18T04:00:00","guid":{"rendered":"https:\/\/www.opinionpublica.tv\/portada\/2023\/07\/18\/ya-lanzo-el-municipio-licitacion-para-recoleccion-de-basura\/"},"modified":"2023-07-18T06:00:00","modified_gmt":"2023-07-18T04:00:00","slug":"ya-lanzo-el-municipio-licitacion-para-recoleccion-de-basura","status":"publish","type":"post","link":"https:\/\/www.opinionpublica.tv\/portada\/ya-lanzo-el-municipio-licitacion-para-recoleccion-de-basura\/","title":{"rendered":"Ya lanz\u00f3 el Municipio licitaci\u00f3n para la recolecci\u00f3n de basura"},"content":{"rendered":"<p><img fetchpriority=\"high\" decoding=\"async\" class=\" size-full wp-image-36355\" src=\"https:\/\/www.opinionpublica.tv\/portada\/wp-content\/uploads\/2023\/07\/5facfdd24afe419a7ca6b2030fc44e00.jpg\" alt=\"\" class=\"caption\" title=\"La ciudad ser\u00e1 atendida con 120 unidades nuevas con la nueva concesi\u00f3n.\" width=\"281\" height=\"179\" \/><br \/>\n<!--more--><\/p>\n<p style=\"text-align: justify;\"><em>Ciudad Ju\u00e1rez, Chih<\/em>.- El presidente municipal, Cruz P\u00e9rez Cu\u00e9llar, dio a conocer que el pasado fin de semana se publicaron las convocatorias para la licitaci\u00f3n del servicio de recolecci\u00f3n de basura y para el relleno sanitario en Ciudad Ju\u00e1rez.<\/p>\n<p style=\"text-align: justify;\">Con estas acciones se pretende brindar un mejor servicio a los juarenses, luego de que concluya el contrato con la empresa Promotora Ambiental de la Laguna (PASA), en septiembre pr\u00f3ximo, indic\u00f3.<\/p>\n<p style=\"text-align: justify;\">El alcalde se\u00f1al\u00f3 que una vez que esto suceda, la ciudad ser\u00e1 atendida con 30 unidades m\u00e1s, pues de 90 camiones con los que cuenta la actual empresa prestadora del servicio de recolecci\u00f3n, las unidades se elevar\u00e1n a 120.<\/p>\n<p style=\"text-align: justify;\">\u201cTendremos 120 camiones nuevos, m\u00e1s los usados, as\u00ed que a partir de septiembre traeremos 120 en la calle, habr\u00e1 30 camiones m\u00e1s recogiendo basura en la ciudad y como van a ser nuevos, esto tiene que impactar\u201d, expres\u00f3.<\/p>\n<p style=\"text-align: justify;\">Coment\u00f3 que aunque podr\u00edan ser cuatro empresas recolectoras de basura, te\u00f3ricamente no debe ser as\u00ed, pues no se puede impedir a una empresa que se registre en las cuatro licitaciones.<\/p>\n<p style=\"text-align: justify;\">\u201cYo quer\u00eda que fueran cuatro y no me gusta que sea una sola empresa, no me parece bien, sin embargo, te\u00f3ricamente no puedes impedirles el registro, por lo que pueden ser cuatro o pueden ser menos\u201d, se\u00f1al\u00f3 el edil.<\/p>\n<p style=\"text-align: justify;\">Respecto al centro de transferencia en El Chamizal, el\u00a0alcalde\u00a0mencion\u00f3 que el espacio se seguir\u00e1 usando para la basura org\u00e1nica, pues solo falta generar un mecanismo para que esta basura sea en beneficio del parque.<\/p>\n","protected":false},"excerpt":{"rendered":"","protected":false},"author":6,"featured_media":36355,"comment_status":"open","ping_status":"open","sticky":false,"template":"","format":"standard","meta":{"_acf_changed":false,"_monsterinsights_skip_tracking":false,"slim_seo":{"title":"Ya lanz\u00f3 el Municipio licitaci\u00f3n para la recolecci\u00f3n de basura - Opini\u00f3n P\u00fablica","description":"Ciudad Ju\u00e1rez, Chih .- El presidente municipal, Cruz P\u00e9rez Cu\u00e9llar, dio a conocer que el pasado fin de semana se publicaron las convocatorias para la licitaci\u00f3n"},"footnotes":""},"categories":[41],"tags":[],"class_list":["post-36356","post","type-post","status-publish","format-standard","has-post-thumbnail","hentry","category-juarez"],"acf":[],"_links":{"self":[{"href":"https:\/\/www.opinionpublica.tv\/portada\/wp-json\/wp\/v2\/posts\/36356","targetHints":{"allow":["GET"]}}],"collection":[{"href":"https:\/\/www.opinionpublica.tv\/portada\/wp-json\/wp\/v2\/posts"}],"about":[{"href":"https:\/\/www.opinionpublica.tv\/portada\/wp-json\/wp\/v2\/types\/post"}],"author":[{"embeddable":true,"href":"https:\/\/www.opinionpublica.tv\/portada\/wp-json\/wp\/v2\/users\/6"}],"replies":[{"embeddable":true,"href":"https:\/\/www.opinionpublica.tv\/portada\/wp-json\/wp\/v2\/comments?post=36356"}],"version-history":[{"count":0,"href":"https:\/\/www.opinionpublica.tv\/portada\/wp-json\/wp\/v2\/posts\/36356\/revisions"}],"wp:featuredmedia":[{"embeddable":true,"href":"https:\/\/www.opinionpublica.tv\/portada\/wp-json\/wp\/v2\/media\/36355"}],"wp:attachment":[{"href":"https:\/\/www.opinionpublica.tv\/portada\/wp-json\/wp\/v2\/media?parent=36356"}],"wp:term":[{"taxonomy":"category","embeddable":true,"href":"https:\/\/www.opinionpublica.tv\/portada\/wp-json\/wp\/v2\/categories?post=36356"},{"taxonomy":"post_tag","embeddable":true,"href":"https:\/\/www.opinionpublica.tv\/portada\/wp-json\/wp\/v2\/tags?post=36356"}],"curies":[{"name":"wp","href":"https:\/\/api.w.org\/{rel}","templated":true}]}}