{"id":36350,"date":"2023-07-18T06:00:00","date_gmt":"2023-07-18T04:00:00","guid":{"rendered":"https:\/\/www.opinionpublica.tv\/portada\/2023\/07\/18\/las-primarias-de-la-oposicion\/"},"modified":"2023-07-18T06:00:00","modified_gmt":"2023-07-18T04:00:00","slug":"las-primarias-de-la-oposicion","status":"publish","type":"post","link":"https:\/\/www.opinionpublica.tv\/portada\/las-primarias-de-la-oposicion\/","title":{"rendered":"Las primarias de la oposici\u00f3n"},"content":{"rendered":"<img decoding=\"async\" class=\" size-full wp-image-36349\" src=\"https:\/\/www.opinionpublica.tv\/portada\/wp-content\/uploads\/2023\/07\/128f3f0703dbd269bf0aadb2069c8862.jpg\" alt=\"\" class=\"caption\" title=\"Luis Carlos Ugalde, ex presidente del IFE.\" width=\"270\" height=\"152\" \/>\n<p style=\"text-align: justify;\">El m\u00e9todo que anunciaron los partidos de oposici\u00f3n es una buena noticia. No s\u00f3lo se trata de una convocatoria incluyente a todos los militantes de partidos y personas de la sociedad civil que quieran competir, sino que la organizaci\u00f3n y la vigilancia del proceso estar\u00e1 en manos de personas sin partido, de expertos y l\u00edderes sociales.<\/p>\n<p><!--more--><\/p>\n<p style=\"text-align: justify;\">Asimismo, es la primera vez que una coalici\u00f3n pol\u00edtica elige a su candidato mediante una elecci\u00f3n primaria a sus militantes y a la ciudadan\u00eda en general.<\/p>\n<p style=\"text-align: justify;\">Aunque algunos partidos ya han organizado primarias en el pasado \u2014por ejemplo, el PRI llev\u00f3 a cabo primarias para elegir a su candidato presidencial en 1999 y lo mismo hizo el PAN en 2005 y 2011\u2014 en ambos casos fueron elecciones circunscritas a militantes de esos partidos pol\u00edticos.<\/p>\n<p style=\"text-align: justify;\">En esta ocasi\u00f3n, los partidos de la coalici\u00f3n proponen un padr\u00f3n base cero para construirlo durante las siguientes semanas mediante un registro directo de las personas interesadas, sean militantes activos o personas sin partido.<\/p>\n<p style=\"text-align: justify;\">Sin duda hay riesgos de las primarias como mecanismo de elecci\u00f3n. Por ejemplo, que los gobernadores de Morena inunden las casillas para elegir a la peor opci\u00f3n; o que haya zafarranchos inducidos para denigrar el proceso electoral; o que ganen las estructuras clientelares de los partidos frente a los votos independientes.<\/p>\n<p style=\"text-align: justify;\">Por ello parece razonable que el resultado final para escoger a la persona ganadora sea la suma de la elecci\u00f3n directa m\u00e1s una encuesta nacional (50-50). De esa forma se compensan los riesgos del mecanismo participativo y se apela tambi\u00e9n a un criterio de competitividad electoral: no solo debe ser candidato quien sea m\u00e1s apoyado por los partidos de la coalici\u00f3n y por simpatizantes, sino por el p\u00fablico en general quienes son, finalmente, quienes votar\u00e1n en 2024.<\/p>\n<p style=\"text-align: justify;\">Finalmente, el proceso incluye seis debates para que los competidores expresen su visi\u00f3n del futuro del pa\u00eds.<\/p>\n<p style=\"text-align: justify;\">Aunque Va por M\u00e9xico (PAN-PRI-PRD) y Morena buscan evadir la regulaci\u00f3n de las precampa\u00f1as, la primera tom\u00f3 un atajo legal con base en una figura existente en la Constituci\u00f3n (el frente pol\u00edtico), mientras que Morena lo hizo sin asidero legal alguno.<\/p>\n<p style=\"text-align: justify;\">Finalmente, la regulaci\u00f3n de las precampa\u00f1as es una respuesta a una cr\u00edtica al fen\u00f3meno de Vicente Fox quien inici\u00f3 su precampa\u00f1a en 1997, tres a\u00f1os antes de la elecci\u00f3n presidencial en la que result\u00f3 ganador. Tambi\u00e9n un cuestionamiento al fen\u00f3meno de Pe\u00f1a Nieto, quien como gobernador del Estado de M\u00e9xico inici\u00f3 su promoci\u00f3n a\u00f1os antes de 2012.<\/p>\n<p style=\"text-align: justify;\">La respuesta fue prohibir los inicios antes de tiempo, como si fuera una carrera de caballos. Pero est\u00e1n mal reguladas. El tema no es cu\u00e1ndo empiezas a promoverte \u2014de hecho, los pol\u00edticos est\u00e1n en promoci\u00f3n permanente\u2014, sino c\u00f3mo pagas tu promoci\u00f3n. Este es el tema de fondo. Las enormes cantidades de dinero que necesitas para ser conocido es el germen de la inequidad y la corrupci\u00f3n, no cu\u00e1ndo lo anuncias.<\/p>\n<p style=\"text-align: justify;\">Y aqu\u00ed yace la principal cr\u00edtica a Morena. Sus tres principales aspirantes hicieron promoci\u00f3n personalizada desde sus cargos de gobierno, con cargo al erario y, en la \u00faltima semana, una de ellas ha mantenido la celebraci\u00f3n de m\u00edtines multitudinarios que requieren apoyo oficial y mucho dinero. A eso se suma los espectaculares y bardas que inundan el pa\u00eds y que implican cientos de millones de pesos.<\/p>\n<p style=\"text-align: justify;\">\u00bfDe d\u00f3nde sale tanto dinero?<\/p>\n<p style=\"text-align: justify;\">\u00a0<\/p>\n","protected":false},"excerpt":{"rendered":"<p>El m\u00e9todo que anunciaron los partidos de oposici\u00f3n es una buena noticia. No s\u00f3lo se trata de una convocatoria incluyente a todos los militantes de partidos y personas de la sociedad civil que quieran competir, sino que la organizaci\u00f3n y la vigilancia del proceso estar\u00e1 en manos de personas sin partido, de expertos y l\u00edderes [&hellip;]<\/p>\n","protected":false},"author":6,"featured_media":36349,"comment_status":"open","ping_status":"open","sticky":false,"template":"","format":"standard","meta":{"_acf_changed":false,"_monsterinsights_skip_tracking":false,"slim_seo":{"title":"Las primarias de la oposici\u00f3n - Opini\u00f3n P\u00fablica","description":"El m\u00e9todo que anunciaron los partidos de oposici\u00f3n es una buena noticia. No s\u00f3lo se trata de una convocatoria incluyente a todos los militantes de partidos y pe"},"footnotes":""},"categories":[23],"tags":[843],"class_list":["post-36350","post","type-post","status-publish","format-standard","has-post-thumbnail","hentry","category-democracia-eficaz","tag-luis-carlos-ugalde"],"acf":[],"_links":{"self":[{"href":"https:\/\/www.opinionpublica.tv\/portada\/wp-json\/wp\/v2\/posts\/36350","targetHints":{"allow":["GET"]}}],"collection":[{"href":"https:\/\/www.opinionpublica.tv\/portada\/wp-json\/wp\/v2\/posts"}],"about":[{"href":"https:\/\/www.opinionpublica.tv\/portada\/wp-json\/wp\/v2\/types\/post"}],"author":[{"embeddable":true,"href":"https:\/\/www.opinionpublica.tv\/portada\/wp-json\/wp\/v2\/users\/6"}],"replies":[{"embeddable":true,"href":"https:\/\/www.opinionpublica.tv\/portada\/wp-json\/wp\/v2\/comments?post=36350"}],"version-history":[{"count":0,"href":"https:\/\/www.opinionpublica.tv\/portada\/wp-json\/wp\/v2\/posts\/36350\/revisions"}],"wp:featuredmedia":[{"embeddable":true,"href":"https:\/\/www.opinionpublica.tv\/portada\/wp-json\/wp\/v2\/media\/36349"}],"wp:attachment":[{"href":"https:\/\/www.opinionpublica.tv\/portada\/wp-json\/wp\/v2\/media?parent=36350"}],"wp:term":[{"taxonomy":"category","embeddable":true,"href":"https:\/\/www.opinionpublica.tv\/portada\/wp-json\/wp\/v2\/categories?post=36350"},{"taxonomy":"post_tag","embeddable":true,"href":"https:\/\/www.opinionpublica.tv\/portada\/wp-json\/wp\/v2\/tags?post=36350"}],"curies":[{"name":"wp","href":"https:\/\/api.w.org\/{rel}","templated":true}]}}