{"id":36346,"date":"2023-07-18T06:00:00","date_gmt":"2023-07-18T04:00:00","guid":{"rendered":"https:\/\/www.opinionpublica.tv\/portada\/2023\/07\/18\/exhortan-a-completar-esquemas-de-vacunacion-en-menores-y-adultos\/"},"modified":"2023-07-18T06:00:00","modified_gmt":"2023-07-18T04:00:00","slug":"exhortan-a-completar-esquemas-de-vacunacion-en-menores-y-adultos","status":"publish","type":"post","link":"https:\/\/www.opinionpublica.tv\/portada\/exhortan-a-completar-esquemas-de-vacunacion-en-menores-y-adultos\/","title":{"rendered":"Exhortan a completar los esquemas de vacunaci\u00f3n en menores y adultos"},"content":{"rendered":"<p><img fetchpriority=\"high\" decoding=\"async\" class=\" size-full wp-image-36345\" src=\"https:\/\/www.opinionpublica.tv\/portada\/wp-content\/uploads\/2023\/07\/ff4a0d28232e46cbe2963d517850755e.jpg\" alt=\"\" class=\"caption\" title=\"Para adultos est\u00e1 la vacuna contra el t\u00e9tanos y para mujeres embarazadas la de TDPA.\" width=\"255\" height=\"197\" \/><br \/>\n<!--more--><\/p>\n<p style=\"text-align: justify;\"><em>Ciudad Ju\u00e1rez, Chih<\/em>.- En el marco de la Primera Jornada de Salud P\u00fablica que se realiza del 10 al 21 de julio, la Secretar\u00eda de Salud Chihuahua exhort\u00f3 a los padres de familia a que acudan a las unidades de primer nivel en Ciudad Ju\u00e1rez, para completar los esquemas de vacunaci\u00f3n propios y de sus hijos.<\/p>\n<p style=\"text-align: justify;\">En rueda de prensa, las autoridades de Salud de la zona apelaron a la conciencia de la ciudadan\u00eda, para as\u00ed proteger a adultos, ni\u00f1as y ni\u00f1os, contra diversas enfermedades.<\/p>\n<p style=\"text-align: justify;\">Rogelio Covarrubias Gil Lamadrid, director m\u00e9dico Zona Norte, dijo que en esta Primera Jornada, se cuenta con las vacunas y el recurso humano, para beneficiar al mayor n\u00famero de juarenses.<\/p>\n<p style=\"text-align: justify;\">Karla Villegas, coordinadora del Programa de Vacunaci\u00f3n de la Regi\u00f3n Sanitaria Ju\u00e1rez, se\u00f1al\u00f3 que es indispensable aprovechar este tipo de acciones preventivas y que los biol\u00f3gicos a aplicar corresponden al hexavalente, triple viral y neumococo; para adultos ser\u00e1 la vacuna contra el t\u00e9tanos y para mujeres embarazadas la de TDPA.<\/p>\n<p style=\"text-align: justify;\">\u201cHago una atenta invitaci\u00f3n a los padres y madres de familia a que revisen la Cartilla Nacional de Vacunaci\u00f3n de sus hijos. Contamos con 23 unidades de salud, estaremos ofertando las vacunas\u201d, agreg\u00f3 la funcionaria.<\/p>\n<p style=\"text-align: justify;\">Consider\u00f3 de suma importancia sensibilizarse y acudir a vacunar a las y los menores, toda vez que entre m\u00e1s vacunas les sean aplicadas, m\u00e1s se fortalecer\u00e1 su sistema inmune.<\/p>\n<p style=\"text-align: justify;\">Por su parte Alejandro Lugo, titular del Programa de Atenci\u00f3n a la Salud de la Infancia y Adolescencia (PASIA), extern\u00f3 que las vacunas constituyen uno de los avances m\u00e1s importantes en materia de salud y que por la pandemia, a\u00fan hay personas que no han completado sus esquemas, por ello es trascendental incrementar la cobertura.<\/p>\n<p style=\"text-align: justify;\">\u201cVacunar significa salvar vidas. Durante m\u00e1s de dos siglos las vacunas han reducido de manera segura las enfermedades, han ayudado a los ni\u00f1os a crecer sanos y fuertes, por ello es importante la aplicaci\u00f3n de los biol\u00f3gicos\u201d, finaliz\u00f3.<\/p>\n","protected":false},"excerpt":{"rendered":"","protected":false},"author":6,"featured_media":36345,"comment_status":"open","ping_status":"open","sticky":false,"template":"","format":"standard","meta":{"_acf_changed":false,"_monsterinsights_skip_tracking":false,"slim_seo":{"title":"Exhortan a completar los esquemas de vacunaci\u00f3n en menores y adultos - Opini\u00f3n P\u00fablica","description":"Ciudad Ju\u00e1rez, Chih .- En el marco de la Primera Jornada de Salud P\u00fablica que se realiza del 10 al 21 de julio, la Secretar\u00eda de Salud Chihuahua exhort\u00f3 a los p"},"footnotes":""},"categories":[11],"tags":[],"class_list":["post-36346","post","type-post","status-publish","format-standard","has-post-thumbnail","hentry","category-tendencias"],"acf":[],"_links":{"self":[{"href":"https:\/\/www.opinionpublica.tv\/portada\/wp-json\/wp\/v2\/posts\/36346","targetHints":{"allow":["GET"]}}],"collection":[{"href":"https:\/\/www.opinionpublica.tv\/portada\/wp-json\/wp\/v2\/posts"}],"about":[{"href":"https:\/\/www.opinionpublica.tv\/portada\/wp-json\/wp\/v2\/types\/post"}],"author":[{"embeddable":true,"href":"https:\/\/www.opinionpublica.tv\/portada\/wp-json\/wp\/v2\/users\/6"}],"replies":[{"embeddable":true,"href":"https:\/\/www.opinionpublica.tv\/portada\/wp-json\/wp\/v2\/comments?post=36346"}],"version-history":[{"count":0,"href":"https:\/\/www.opinionpublica.tv\/portada\/wp-json\/wp\/v2\/posts\/36346\/revisions"}],"wp:featuredmedia":[{"embeddable":true,"href":"https:\/\/www.opinionpublica.tv\/portada\/wp-json\/wp\/v2\/media\/36345"}],"wp:attachment":[{"href":"https:\/\/www.opinionpublica.tv\/portada\/wp-json\/wp\/v2\/media?parent=36346"}],"wp:term":[{"taxonomy":"category","embeddable":true,"href":"https:\/\/www.opinionpublica.tv\/portada\/wp-json\/wp\/v2\/categories?post=36346"},{"taxonomy":"post_tag","embeddable":true,"href":"https:\/\/www.opinionpublica.tv\/portada\/wp-json\/wp\/v2\/tags?post=36346"}],"curies":[{"name":"wp","href":"https:\/\/api.w.org\/{rel}","templated":true}]}}