{"id":35813,"date":"2023-06-22T06:00:00","date_gmt":"2023-06-22T04:00:00","guid":{"rendered":"https:\/\/www.opinionpublica.tv\/portada\/2023\/06\/22\/proceso-electoral-2024-inicia-el-4-de-septiembre-confirma-ine\/"},"modified":"2023-06-22T06:00:00","modified_gmt":"2023-06-22T04:00:00","slug":"proceso-electoral-2024-inicia-el-4-de-septiembre-confirma-ine","status":"publish","type":"post","link":"https:\/\/www.opinionpublica.tv\/portada\/proceso-electoral-2024-inicia-el-4-de-septiembre-confirma-ine\/","title":{"rendered":"Proceso electoral 2024 inicia el 4 de septiembre; confirma INE"},"content":{"rendered":"<p><img fetchpriority=\"high\" decoding=\"async\" class=\" size-full wp-image-35812\" src=\"https:\/\/www.opinionpublica.tv\/portada\/wp-content\/uploads\/2023\/06\/3cf8c10450034bcdc1da061b5bfc505d.jpg\" alt=\"\" class=\"caption\" title=\"El proceso electoral 2024 iniciar\u00e1 oficialmente el lunes 4 de septiembre de 2023.\" width=\"259\" height=\"194\" \/><br \/>\n<!--more--><\/p>\n<p style=\"text-align: justify;\">Con la anulaci\u00f3n total del Plan B, declarada hoy por la Suprema Corte de Justicia (SCJN), se confirma para el lunes 4 de septiembre el inicio del proceso electoral 2023-2024. Consejeros electorales consultados dijeron que el fallo da certeza a la organizaci\u00f3n de la mega contienda.<\/p>\n<p style=\"text-align: justify;\">\u201cUn extraordinario d\u00eda para M\u00e9xico\u201d, se\u00f1al\u00f3 Carla Humphrey, consejera del Instituto Nacional Electoral (INE), apenas se concret\u00f3 la declaraci\u00f3n de invalidez, por violaciones procedimentales, del segundo decreto relacionado con el tema electoral.<\/p>\n<p style=\"text-align: justify;\">Uuc-kib Espadas, consejero del INE, indic\u00f3 que la resoluci\u00f3n de la SCJN restablece el orden constitucional, \u201cda certeza a la sociedad de que el INE le entregar\u00e1, en 2024, elecciones \u00edntegras, como lo ha venido haciendo desde su nacimiento\u201d.<\/p>\n<p style=\"text-align: justify;\">Mart\u00edn Faz, tambi\u00e9n consejero del INE, consider\u00f3 que el fallo da certeza respecto de todo el cronograma de las contiendas para elegir m\u00e1s de 20 mil cargos de representaci\u00f3n popular.<\/p>\n<p style=\"text-align: justify;\">\u201cFundamentalmente lo que significa es certeza\u201d, en particular porque se iniciar\u00e1 en septiembre el proceso. \u201cNo sab\u00edamos si \u00edbamos a iniciar el proceso electoral en septiembre, como lo se\u00f1ala la ley vigente, o si se ir\u00eda hasta la tercera semana de noviembre. Eso modifica muchas cosas de planeaci\u00f3n\u201d.<\/p>\n<p style=\"text-align: justify;\">Dania Ravel, tambi\u00e9n consejera del INE, subray\u00f3 que la legislaci\u00f3n que regir\u00e1 en la mega contienda del a\u00f1o pr\u00f3ximo ser\u00e1 la que exist\u00eda previo a la emisi\u00f3n del Plan B.<\/p>\n<p style=\"text-align: justify;\">Con una mayor\u00eda de 9 votos a favor y 2 en contra se ratifica la validez del marco normativo previo a la reforma electoral impulsada por el presidente Andr\u00e9s Manuel L\u00f3pez Obrador, mismo que fue impugnado por partidos pol\u00edticos, legisladores, el INE y el Instituto Nacional de Transparencia, Acceso a la Informaci\u00f3n y Protecci\u00f3n de Datos Personales (Inai).<\/p>\n<p style=\"text-align: justify;\">En ese contexto quedar\u00e1n tambi\u00e9n invalidados los incipientes actividades del INE para adecuar al organismo a los cambios sustantivos \u2013 publicados el 2 de marzo pasado- que marcaban las reformas a la Ley General de Instituciones y Procedimientos Electorales (Legipe); Ley General de Partidos Pol\u00edticos; Ley Org\u00e1nica del Poder Judicial de la Federaci\u00f3n y la Ley de Medios de Impugnaci\u00f3n en Materia Electoral.<\/p>\n<p style=\"text-align: justify;\">Por su parte, el Tribunal Electoral del Poder Judicial de la Federaci\u00f3n replic\u00f3 de inmediato el tuit informativo de la SCJN. (La Jornada)<\/p>\n","protected":false},"excerpt":{"rendered":"","protected":false},"author":6,"featured_media":35812,"comment_status":"open","ping_status":"open","sticky":false,"template":"","format":"standard","meta":{"_acf_changed":false,"_monsterinsights_skip_tracking":false,"slim_seo":{"title":"Proceso electoral 2024 inicia el 4 de septiembre; confirma INE - Opini\u00f3n P\u00fablica","description":"Con la anulaci\u00f3n total del Plan B, declarada hoy por la Suprema Corte de Justicia (SCJN), se confirma para el lunes 4 de septiembre el inicio del proceso electo"},"footnotes":""},"categories":[4],"tags":[],"class_list":["post-35813","post","type-post","status-publish","format-standard","has-post-thumbnail","hentry","category-pulsopolitico"],"acf":[],"_links":{"self":[{"href":"https:\/\/www.opinionpublica.tv\/portada\/wp-json\/wp\/v2\/posts\/35813","targetHints":{"allow":["GET"]}}],"collection":[{"href":"https:\/\/www.opinionpublica.tv\/portada\/wp-json\/wp\/v2\/posts"}],"about":[{"href":"https:\/\/www.opinionpublica.tv\/portada\/wp-json\/wp\/v2\/types\/post"}],"author":[{"embeddable":true,"href":"https:\/\/www.opinionpublica.tv\/portada\/wp-json\/wp\/v2\/users\/6"}],"replies":[{"embeddable":true,"href":"https:\/\/www.opinionpublica.tv\/portada\/wp-json\/wp\/v2\/comments?post=35813"}],"version-history":[{"count":0,"href":"https:\/\/www.opinionpublica.tv\/portada\/wp-json\/wp\/v2\/posts\/35813\/revisions"}],"wp:featuredmedia":[{"embeddable":true,"href":"https:\/\/www.opinionpublica.tv\/portada\/wp-json\/wp\/v2\/media\/35812"}],"wp:attachment":[{"href":"https:\/\/www.opinionpublica.tv\/portada\/wp-json\/wp\/v2\/media?parent=35813"}],"wp:term":[{"taxonomy":"category","embeddable":true,"href":"https:\/\/www.opinionpublica.tv\/portada\/wp-json\/wp\/v2\/categories?post=35813"},{"taxonomy":"post_tag","embeddable":true,"href":"https:\/\/www.opinionpublica.tv\/portada\/wp-json\/wp\/v2\/tags?post=35813"}],"curies":[{"name":"wp","href":"https:\/\/api.w.org\/{rel}","templated":true}]}}