{"id":35811,"date":"2023-06-22T06:00:00","date_gmt":"2023-06-22T04:00:00","guid":{"rendered":"https:\/\/www.opinionpublica.tv\/portada\/2023\/06\/22\/suprema-corte-declara-invalidez-constitucional-del-plan-b-electoral-de-lopez-obrador\/"},"modified":"2023-06-22T06:00:00","modified_gmt":"2023-06-22T04:00:00","slug":"suprema-corte-declara-invalidez-constitucional-del-plan-b-electoral-de-lopez-obrador","status":"publish","type":"post","link":"https:\/\/www.opinionpublica.tv\/portada\/suprema-corte-declara-invalidez-constitucional-del-plan-b-electoral-de-lopez-obrador\/","title":{"rendered":"Suprema Corte declara invalidez del &#8216;plan B&#8217; electoral del presidente L\u00f3pez Obrador"},"content":{"rendered":"<p><img fetchpriority=\"high\" decoding=\"async\" class=\" size-full wp-image-35810\" src=\"https:\/\/www.opinionpublica.tv\/portada\/wp-content\/uploads\/2023\/06\/2468978f9899508f501990f91924eec9.jpg\" alt=\"\" class=\"caption\" title=\"Solamente las ministras Loretta Ortiz y Yasm\u00edn Esquivel votaron en contra de esta decisi\u00f3n.\" width=\"259\" height=\"194\" \/><br \/>\n<!--more--><\/p>\n<p style=\"text-align: justify;\"><em>Ciudad de M\u00e9xico<\/em>.- Con nueve votos a favor y dos en contra, el pleno de la Suprema Corte de Justicia de la Naci\u00f3n (SCJN) se declar\u00f3 la invalidez del decreto por el que se reforman la Ley General de Instituciones y Procedimientos Electorales, Ley General de Partidos Pol\u00edticos, Ley Org\u00e1nica del Poder Judicial de la Federaci\u00f3n y expide la Ley General de los Medios de Impugnaci\u00f3n en Materia Electoral, cambios que constituyen el centro del llamado \u201cplan B\u2019\u2019 de la reforma electoral promovida por el presidente Andr\u00e9s Manuel L\u00f3pez Obrador, por violaciones al proceso legislativo en el pa\u00eds.<\/p>\n<p style=\"text-align: justify;\">A propuesta del ministro Javier Laynez Potisek, el proyecto fue aprobado por Margarita R\u00edos Farjat, Juan Luis Gonz\u00e1lez Alc\u00e1ntara, Luis Mar\u00eda Aguilar, Arturo Zald\u00edvar, Alfredo Guti\u00e9rrez, Jorge Pardo y Norma Pi\u00f1a, presidenta del m\u00e1ximo tribunal constitucional del pa\u00eds, porque el Congreso de la Uni\u00f3n incurri\u00f3 en violaciones graves al procedimiento legislativo que, en su conjunto, tienen potencial invalidante.<\/p>\n<p style=\"text-align: justify;\">De ah\u00ed que la declaratoria implica la invalidez del decreto impugnado en su totalidad y, por tanto, que las disposiciones legales que reg\u00edan antes de la entrada en vigor del mismo \u201crecuperan vigencia\u2019\u2019.<\/p>\n<p style=\"text-align: justify;\">Las ministras Loretta Ortiz y Yasm\u00edn Esquivel votaron en contra de la propuesta por considerar que no se viol\u00f3 el proceso legislativo; Esquivel reproch\u00f3 no haber entrado al fondo del asunto a fin de determinar si son o no constitucionales los cambios aprobados por el Poder Legislativo y que fueron impugnados por la oposici\u00f3n.<\/p>\n<p style=\"text-align: justify;\">Las reformas invalidadas a la legislaci\u00f3n en materia electoral se relacionan principalmente con la estructura, organizaci\u00f3n y los procedimientos del Instituto Nacional Electoral (INE), as\u00ed como con las atribuciones del Tribunal Electoral del Poder Judicial de la Federaci\u00f3n (TEPJF).<\/p>\n<p style=\"text-align: justify;\">Los cambios fueron combatidos v\u00eda acciones de inconstitucionalidad presentados ante la Corte por los partidos pol\u00edticos Acci\u00f3n Nacional (PAN), Revolucionario Institucional, Movimiento Ciudadano, de la Revoluci\u00f3n Democr\u00e1tica (PRD), diputados federales y senadores de la minor\u00eda parlamentaria y el Instituto Nacional de Transparencia, Acceso a la Informaci\u00f3n y Protecci\u00f3n de Datos Personales (Inai).<\/p>\n<p style=\"text-align: justify;\"><em>Con informaci\u00f3n de El Economista<\/em>.<\/p>\n","protected":false},"excerpt":{"rendered":"","protected":false},"author":6,"featured_media":35810,"comment_status":"open","ping_status":"open","sticky":false,"template":"","format":"standard","meta":{"_acf_changed":false,"_monsterinsights_skip_tracking":false,"slim_seo":{"title":"Suprema Corte declara invalidez del 'plan B' electoral del presidente L\u00f3pez Obrador - Opini\u00f3n P\u00fablica","description":"Ciudad de M\u00e9xico .- Con nueve votos a favor y dos en contra, el pleno de la Suprema Corte de Justicia de la Naci\u00f3n (SCJN) se declar\u00f3 la invalidez del decreto po"},"footnotes":""},"categories":[3],"tags":[],"class_list":["post-35811","post","type-post","status-publish","format-standard","has-post-thumbnail","hentry","category-principal"],"acf":[],"_links":{"self":[{"href":"https:\/\/www.opinionpublica.tv\/portada\/wp-json\/wp\/v2\/posts\/35811","targetHints":{"allow":["GET"]}}],"collection":[{"href":"https:\/\/www.opinionpublica.tv\/portada\/wp-json\/wp\/v2\/posts"}],"about":[{"href":"https:\/\/www.opinionpublica.tv\/portada\/wp-json\/wp\/v2\/types\/post"}],"author":[{"embeddable":true,"href":"https:\/\/www.opinionpublica.tv\/portada\/wp-json\/wp\/v2\/users\/6"}],"replies":[{"embeddable":true,"href":"https:\/\/www.opinionpublica.tv\/portada\/wp-json\/wp\/v2\/comments?post=35811"}],"version-history":[{"count":0,"href":"https:\/\/www.opinionpublica.tv\/portada\/wp-json\/wp\/v2\/posts\/35811\/revisions"}],"wp:featuredmedia":[{"embeddable":true,"href":"https:\/\/www.opinionpublica.tv\/portada\/wp-json\/wp\/v2\/media\/35810"}],"wp:attachment":[{"href":"https:\/\/www.opinionpublica.tv\/portada\/wp-json\/wp\/v2\/media?parent=35811"}],"wp:term":[{"taxonomy":"category","embeddable":true,"href":"https:\/\/www.opinionpublica.tv\/portada\/wp-json\/wp\/v2\/categories?post=35811"},{"taxonomy":"post_tag","embeddable":true,"href":"https:\/\/www.opinionpublica.tv\/portada\/wp-json\/wp\/v2\/tags?post=35811"}],"curies":[{"name":"wp","href":"https:\/\/api.w.org\/{rel}","templated":true}]}}