{"id":35803,"date":"2023-06-22T06:00:00","date_gmt":"2023-06-22T04:00:00","guid":{"rendered":"https:\/\/www.opinionpublica.tv\/portada\/2023\/06\/22\/chihuahua-avanza-pese-a-recortes-presupuestales\/"},"modified":"2023-06-22T06:00:00","modified_gmt":"2023-06-22T04:00:00","slug":"chihuahua-avanza-pese-a-recortes-presupuestales","status":"publish","type":"post","link":"https:\/\/www.opinionpublica.tv\/portada\/chihuahua-avanza-pese-a-recortes-presupuestales\/","title":{"rendered":"Chihuahua avanza pese a recortes presupuestales"},"content":{"rendered":"<p><img fetchpriority=\"high\" decoding=\"async\" class=\" size-full wp-image-35802\" src=\"https:\/\/www.opinionpublica.tv\/portada\/wp-content\/uploads\/2023\/06\/65cacacedce9d04b30d925d873a77972.jpg\" alt=\"\" class=\"caption\" title=\"Jos\u00e9 de Jes\u00fas Granillo V\u00e1zquez, secretario de Hacienda del Gobierno del Estado de Chihuahua.\" width=\"1032\" height=\"688\" srcset=\"https:\/\/www.opinionpublica.tv\/portada\/wp-content\/uploads\/2023\/06\/65cacacedce9d04b30d925d873a77972.jpg 1032w, https:\/\/www.opinionpublica.tv\/portada\/wp-content\/uploads\/2023\/06\/65cacacedce9d04b30d925d873a77972-300x200.jpg 300w, https:\/\/www.opinionpublica.tv\/portada\/wp-content\/uploads\/2023\/06\/65cacacedce9d04b30d925d873a77972-1024x683.jpg 1024w, https:\/\/www.opinionpublica.tv\/portada\/wp-content\/uploads\/2023\/06\/65cacacedce9d04b30d925d873a77972-768x512.jpg 768w\" sizes=\"(max-width: 1032px) 100vw, 1032px\" \/><br \/>\n<!--more--><\/p>\n<p style=\"text-align: justify;\"><em>Chihuahua, Chih<\/em>.- El Instituto para el Desarrollo T\u00e9cnico de las Haciendas P\u00fablicas (Indetec) posicion\u00f3 a Chihuahua como el estado que ocupa el primer lugar en la generaci\u00f3n de ingresos propios.<\/p>\n<p style=\"text-align: justify;\">De acuerdo con este organismo, esta entidad federativa es el que menos dependi\u00f3 de los recursos federales en el 2021 con un 67.05 por ciento, por debajo del promedio nacional fue del 80 por ciento seg\u00fan muestran datos obtenidos a trav\u00e9s del INEGI.<\/p>\n<p style=\"text-align: justify;\">Tras hacer un an\u00e1lisis de las cuentas p\u00fablicas del 2019 al 2022 del estado de Chihuahua, podemos constatar c\u00f3mo el porcentaje de participaciones federales con respecto a los ingresos de libre disposici\u00f3n ha ido disminuyendo.<\/p>\n<p style=\"text-align: justify;\">Mientras que del 2019 al 2022 los ingresos propios crecieron en un 47 por ciento, en ese mismo periodo las participaciones federales que recibi\u00f3 Chihuahua crecieron apenas en un 22 por ciento, lo que hace notar que cada vez es m\u00e1s autosuficiente.<\/p>\n<p style=\"text-align: justify;\">Los ingresos propios en el 2019 fueron por 17 mil 25 millones de pesos y las participaciones federales fueron por 25 mil 80 millones de pesos, mientras que en el 2022 y con las estrategias implementadas se alcanz\u00f3 en ingresos propios los 25 mil millones de pesos y de participaciones federales 30 mil 497 millones de pesos.<\/p>\n<p style=\"text-align: justify;\">Para este 2023 se estima que los ingresos propios ser\u00e1n por 26 mil 723 y 33 mil 467 millones de pesos de participaciones federales, explic\u00f3 en conferencia de prensa el secretario de Hacienda Jos\u00e9 de Jes\u00fas Granillo V\u00e1zquez.<\/p>\n<p style=\"text-align: justify;\">\u201cA trav\u00e9s de la pol\u00edtica p\u00fablica de poner orden en casa, nos hemos dado a la tarea de mejorar nuestras estrategias recaudatorias con la creaci\u00f3n de la Ley Estatal de Derechos y las reformas impl\u00edcitas en dicho instrumento\u201d, puntualiz\u00f3.<\/p>\n<p style=\"text-align: justify;\">Adem\u00e1s, dijo, se han otorgado facilidades de pago a la ciudadan\u00eda para fomentar el pago oportuno y recuperaci\u00f3n tales como los convenios y descuentos en recargos.<\/p>\n<p style=\"text-align: justify;\">Record\u00f3 que se hizo una reingenier\u00eda del portal de pagos de la Secretar\u00eda de Hacienda, ahora se puede acceder al sitio electr\u00f3nico para efectuar el pago de impuestos estatales y federales, infracciones de tr\u00e1nsito y transporte, registro p\u00fablico de la propiedad, tr\u00e1mites vehiculares, y pagos diversos.<\/p>\n<p style=\"text-align: justify;\">Se hicieron ajustes para el pago a trav\u00e9s de los medios alternos como son los kioscos, WhatsApp y por mensaje de Facebook adem\u00e1s de explotar el Convenio con la Procuradur\u00eda Fiscal de la Federaci\u00f3n, para combatir los delitos fiscales y aumentar ingresos, entre otras acciones.<\/p>\n","protected":false},"excerpt":{"rendered":"","protected":false},"author":6,"featured_media":35802,"comment_status":"open","ping_status":"open","sticky":false,"template":"","format":"standard","meta":{"_acf_changed":false,"_monsterinsights_skip_tracking":false,"slim_seo":{"title":"Chihuahua avanza pese a recortes presupuestales - Opini\u00f3n P\u00fablica","description":"Chihuahua, Chih .- El Instituto para el Desarrollo T\u00e9cnico de las Haciendas P\u00fablicas (Indetec) posicion\u00f3 a Chihuahua como el estado que ocupa el primer lugar en"},"footnotes":""},"categories":[11],"tags":[],"class_list":["post-35803","post","type-post","status-publish","format-standard","has-post-thumbnail","hentry","category-tendencias"],"acf":[],"_links":{"self":[{"href":"https:\/\/www.opinionpublica.tv\/portada\/wp-json\/wp\/v2\/posts\/35803","targetHints":{"allow":["GET"]}}],"collection":[{"href":"https:\/\/www.opinionpublica.tv\/portada\/wp-json\/wp\/v2\/posts"}],"about":[{"href":"https:\/\/www.opinionpublica.tv\/portada\/wp-json\/wp\/v2\/types\/post"}],"author":[{"embeddable":true,"href":"https:\/\/www.opinionpublica.tv\/portada\/wp-json\/wp\/v2\/users\/6"}],"replies":[{"embeddable":true,"href":"https:\/\/www.opinionpublica.tv\/portada\/wp-json\/wp\/v2\/comments?post=35803"}],"version-history":[{"count":0,"href":"https:\/\/www.opinionpublica.tv\/portada\/wp-json\/wp\/v2\/posts\/35803\/revisions"}],"wp:featuredmedia":[{"embeddable":true,"href":"https:\/\/www.opinionpublica.tv\/portada\/wp-json\/wp\/v2\/media\/35802"}],"wp:attachment":[{"href":"https:\/\/www.opinionpublica.tv\/portada\/wp-json\/wp\/v2\/media?parent=35803"}],"wp:term":[{"taxonomy":"category","embeddable":true,"href":"https:\/\/www.opinionpublica.tv\/portada\/wp-json\/wp\/v2\/categories?post=35803"},{"taxonomy":"post_tag","embeddable":true,"href":"https:\/\/www.opinionpublica.tv\/portada\/wp-json\/wp\/v2\/tags?post=35803"}],"curies":[{"name":"wp","href":"https:\/\/api.w.org\/{rel}","templated":true}]}}