{"id":35761,"date":"2023-06-22T06:00:00","date_gmt":"2023-06-22T04:00:00","guid":{"rendered":"https:\/\/www.opinionpublica.tv\/portada\/2023\/06\/22\/la-precampana-de-morena-viola-la-ley-electoral\/"},"modified":"2023-06-22T06:00:00","modified_gmt":"2023-06-22T04:00:00","slug":"la-precampana-de-morena-viola-la-ley-electoral","status":"publish","type":"post","link":"https:\/\/www.opinionpublica.tv\/portada\/la-precampana-de-morena-viola-la-ley-electoral\/","title":{"rendered":"La precampa\u00f1a de Morena viola la ley electoral"},"content":{"rendered":"<img decoding=\"async\" class=\" size-full wp-image-35760\" src=\"https:\/\/www.opinionpublica.tv\/portada\/wp-content\/uploads\/2023\/06\/4dd9b3695ce5b1ae01b312a74489cecb.jpg\" alt=\"\" class=\"caption\" title=\"Luis Carlos Ugalde, ex presidente del IFE.\" width=\"270\" height=\"152\" \/>\n<p style=\"text-align: justify;\">Las reglas que norman las precampa\u00f1as en M\u00e9xico son muy restrictivas y ajenas a la naturaleza de la pol\u00edtica: buscan restringir la actividad primordial de los pol\u00edticos que es la promoci\u00f3n constante de su persona en todo momento y lugar. Pero son las reglas y mientras sean vigentes deben cumplirse.<\/p>\n<p><!--more--><\/p>\n<p style=\"text-align: justify;\">La legislaci\u00f3n mexicana busca restringir las precampa\u00f1as prolongadas en aras de cuidar la equidad de la contienda. Por ejemplo, Vicente Fox inici\u00f3 su precampa\u00f1a a la presidencia de la Rep\u00fablica siendo gobernador de Guanajuato y durante varios a\u00f1os recorri\u00f3 el pa\u00eds usando el recurso de su tiempo y otros apoyos a los que ten\u00eda acceso como gobernador.<\/p>\n<p style=\"text-align: justify;\">Enrique Pe\u00f1a Nieto hizo lo mismo como gobernador del Estado de M\u00e9xico entre 2005 y 2011. Recorr\u00eda el pa\u00eds, apoyaba a candidatos de su partido en otras entidades y as\u00ed construy\u00f3 una candidatura que se volvi\u00f3 inevitable en el PRI para la elecci\u00f3n de 2012.<\/p>\n<p style=\"text-align: justify;\">\u00a1Y qu\u00e9 decir de L\u00f3pez Obrador! Anduvo en precampa\u00f1a durante todo el sexenio de Pe\u00f1a Nieto so pretexto de ser dirigente de Morena y de apoyar campa\u00f1as de candidatos de su partido.<\/p>\n<p style=\"text-align: justify;\">Este domingo Morena dio a conocer las reglas para escoger a su candidata\/o a la presidencia de la Rep\u00fablica. Previa renuncia a sus cargos, los precandidatos estar\u00e1n de campa\u00f1a a partir del 19 de junio, es decir, cinco meses antes de la fecha que establece el art\u00edculo 226 de la ley electoral (la Legipe) que se\u00f1ala que las precampa\u00f1as pueden iniciar la tercera semana de noviembre.<\/p>\n<p style=\"text-align: justify;\">Pero hay otros problemas. El mismo art\u00edculo se\u00f1ala que las precampa\u00f1as no podr\u00e1n durar m\u00e1s de sesenta d\u00edas cuando las de Morena durar\u00e1n 70. Dice adem\u00e1s que los precandidatos que participen en los procesos de selecci\u00f3n interna de los partidos no podr\u00e1n realizar actividades de proselitismo o propaganda, por ning\u00fan medio, antes de la fecha de inicio de las precampa\u00f1as (algo que ha sido violado abiertamente por las llamadas corcholatas durante casi dos a\u00f1os).<\/p>\n<p style=\"text-align: justify;\">Y concluye este p\u00e1rrafo de la ley: \u201cla violaci\u00f3n a esta disposici\u00f3n se sancionar\u00e1 con la negativa de registro como precandidato\u201d.<\/p>\n<p style=\"text-align: justify;\">Morena trata de solventar su precampa\u00f1a con una simulaci\u00f3n: dice que en realidad se trata de elegir a la Coordinaci\u00f3n de Defensa de la Transformaci\u00f3n (CDT).<\/p>\n<p style=\"text-align: justify;\">Finalmente, la precampa\u00f1a de Morena evade las reglas de fiscalizaci\u00f3n del INE, \u00f3rgano facultado para revisar los ingresos y gastos de todos los precandidatos. El documento dado a conocer el pasado domingo dice que los aspirantes deban \u201ccomportarse de manera austera, sin derroche de gastos publicitarios ni propagand\u00edsticos\u201d, pero no exige transparencia total a sus candidatos. Pedirles que no gasten de m\u00e1s es irrelevante si no sabemos las fuentes y los gastos ejercidos.<\/p>\n<p style=\"text-align: justify;\">Despu\u00e9s de casi dos a\u00f1os de precampa\u00f1as simuladas, ser\u00eda indispensable saber de d\u00f3nde salen los recursos que han usado, sobre todo la jefa de Gobierno de la Ciudad de M\u00e9xico y el secretario de Gobernaci\u00f3n, para hacer actos multitudinarios en todo el pa\u00eds.<\/p>\n<p style=\"text-align: justify;\">\u00bfC\u00f3mo resolver\u00e1 el Tribunal Electoral las impugnaciones que se presentar\u00e1n en los pr\u00f3ximos d\u00edas por otros partidos pol\u00edticos? \u00bfC\u00f3mo podemos defendernos las personas sin partido para exigir que se respeten las reglas de equidad y transparencia de las campa\u00f1as?<\/p>\n<p style=\"text-align: justify;\">\u00bfTendr\u00e1 el Tribunal Electoral una lectura letrista respecto a este fen\u00f3meno \u2014no son precampa\u00f1as porque el proceso electoral a\u00fan no comienza\u2014 o har\u00e1 una interpretaci\u00f3n sist\u00e9mica para detener una promoci\u00f3n anticipada que ya gest\u00f3 inequidad de cara a 2024.<\/p>\n<p style=\"text-align: justify;\">En pocas semanas los partidos de oposici\u00f3n enfrentar\u00e1n el mismo dilema. El d\u00eda 26 de junio anunciar\u00e1n su proceso interno. Si son estrictos observadores de la ley tendr\u00edan que convocar a su proceso interno hasta noviembre, pero eso claramente los dejar\u00eda vulnerables frente al oficialismo que ya lleva en precampa\u00f1a dos a\u00f1os. \u00bfQu\u00e9 hacer?<\/p>\n<p style=\"text-align: justify;\">La democracia se fortalece cuando los votantes conocemos a quienes aspiran a gobernar. Cuando podemos contrastar sus puntos de vista. En ese sentido, la legislaci\u00f3n electoral mexicana me parece obsoleta y antinatural y, adem\u00e1s, restringe el flujo de ideas y el debate intenso.<\/p>\n<p style=\"text-align: justify;\">M\u00e1s efectivo ser\u00eda flexibilizar los tiempos de las precampa\u00f1as a cambio de que haya transparencia total de los ingresos y gastos de los precandidatos.<\/p>\n","protected":false},"excerpt":{"rendered":"<p>Las reglas que norman las precampa\u00f1as en M\u00e9xico son muy restrictivas y ajenas a la naturaleza de la pol\u00edtica: buscan restringir la actividad primordial de los pol\u00edticos que es la promoci\u00f3n constante de su persona en todo momento y lugar. Pero son las reglas y mientras sean vigentes deben cumplirse.<\/p>\n","protected":false},"author":6,"featured_media":35760,"comment_status":"open","ping_status":"open","sticky":false,"template":"","format":"standard","meta":{"_acf_changed":false,"_monsterinsights_skip_tracking":false,"slim_seo":{"title":"La precampa\u00f1a de Morena viola la ley electoral - Opini\u00f3n P\u00fablica","description":"Las reglas que norman las precampa\u00f1as en M\u00e9xico son muy restrictivas y ajenas a la naturaleza de la pol\u00edtica: buscan restringir la actividad primordial de los p"},"footnotes":""},"categories":[23],"tags":[843],"class_list":["post-35761","post","type-post","status-publish","format-standard","has-post-thumbnail","hentry","category-democracia-eficaz","tag-luis-carlos-ugalde"],"acf":[],"_links":{"self":[{"href":"https:\/\/www.opinionpublica.tv\/portada\/wp-json\/wp\/v2\/posts\/35761","targetHints":{"allow":["GET"]}}],"collection":[{"href":"https:\/\/www.opinionpublica.tv\/portada\/wp-json\/wp\/v2\/posts"}],"about":[{"href":"https:\/\/www.opinionpublica.tv\/portada\/wp-json\/wp\/v2\/types\/post"}],"author":[{"embeddable":true,"href":"https:\/\/www.opinionpublica.tv\/portada\/wp-json\/wp\/v2\/users\/6"}],"replies":[{"embeddable":true,"href":"https:\/\/www.opinionpublica.tv\/portada\/wp-json\/wp\/v2\/comments?post=35761"}],"version-history":[{"count":0,"href":"https:\/\/www.opinionpublica.tv\/portada\/wp-json\/wp\/v2\/posts\/35761\/revisions"}],"wp:featuredmedia":[{"embeddable":true,"href":"https:\/\/www.opinionpublica.tv\/portada\/wp-json\/wp\/v2\/media\/35760"}],"wp:attachment":[{"href":"https:\/\/www.opinionpublica.tv\/portada\/wp-json\/wp\/v2\/media?parent=35761"}],"wp:term":[{"taxonomy":"category","embeddable":true,"href":"https:\/\/www.opinionpublica.tv\/portada\/wp-json\/wp\/v2\/categories?post=35761"},{"taxonomy":"post_tag","embeddable":true,"href":"https:\/\/www.opinionpublica.tv\/portada\/wp-json\/wp\/v2\/tags?post=35761"}],"curies":[{"name":"wp","href":"https:\/\/api.w.org\/{rel}","templated":true}]}}