{"id":35625,"date":"2023-06-13T06:00:00","date_gmt":"2023-06-13T04:00:00","guid":{"rendered":"https:\/\/www.opinionpublica.tv\/portada\/2023\/06\/13\/cambian-circulacion-en-heroico-colegio-militar-por-obras-del-puente-villarreal\/"},"modified":"2023-06-13T06:00:00","modified_gmt":"2023-06-13T04:00:00","slug":"cambian-circulacion-en-heroico-colegio-militar-por-obras-del-puente-villarreal","status":"publish","type":"post","link":"https:\/\/www.opinionpublica.tv\/portada\/cambian-circulacion-en-heroico-colegio-militar-por-obras-del-puente-villarreal\/","title":{"rendered":"Cambian circulaci\u00f3n en la Heroico Colegio Militar por obras del puente Villarreal"},"content":{"rendered":"<p><img fetchpriority=\"high\" decoding=\"async\" class=\" size-full wp-image-35624\" src=\"https:\/\/www.opinionpublica.tv\/portada\/wp-content\/uploads\/2023\/06\/6d40a0f391e328e698345db1c877c075.jpg\" alt=\"\" class=\"caption\" title=\"Se pide a los ciudadanos que atiendan los se\u00f1alamientos viales y los l\u00edmites de velocidad.\" width=\"1280\" height=\"854\" srcset=\"https:\/\/www.opinionpublica.tv\/portada\/wp-content\/uploads\/2023\/06\/6d40a0f391e328e698345db1c877c075.jpg 1280w, https:\/\/www.opinionpublica.tv\/portada\/wp-content\/uploads\/2023\/06\/6d40a0f391e328e698345db1c877c075-300x200.jpg 300w, https:\/\/www.opinionpublica.tv\/portada\/wp-content\/uploads\/2023\/06\/6d40a0f391e328e698345db1c877c075-1024x683.jpg 1024w, https:\/\/www.opinionpublica.tv\/portada\/wp-content\/uploads\/2023\/06\/6d40a0f391e328e698345db1c877c075-768x512.jpg 768w\" sizes=\"(max-width: 1280px) 100vw, 1280px\" \/><br \/>\n<!--more--><\/p>\n<p style=\"text-align: justify;\"><em>Ciudad Ju\u00e1rez, Chih<\/em>.- En seguimiento a las obras de rehabilitaci\u00f3n del puente Carlos Villarreal, a partir de este martes los conductores que transiten por la avenida Heroico Colegio Militar deber\u00e1n hacerlo por el carril sur, el cual podr\u00e1 ser utilizado en doble sentido durante los pr\u00f3ximos meses.<\/p>\n<p style=\"text-align: justify;\">Lo anterior, debido a que la Direcci\u00f3n General de Obras P\u00fablicas estar\u00e1 trabajando en las estructuras del puente que se encuentran sobre el carril norte, adem\u00e1s, en dicho carril se proceder\u00e1 la construcci\u00f3n de un vado de 300 metros de longitud entre las avenidas Adolfo L\u00f3pez Mateos y Costa Rica.<\/p>\n<p style=\"text-align: justify;\">El director general de Obras P\u00fablicas, Daniel Gonz\u00e1lez Garc\u00eda, coment\u00f3 que estas acciones se dan para fortalecer los trabajos de mantenimiento en el lugar, los cuales ya muestran grandes avances, por lo que ahora ser\u00e1 el cuerpo sur de esta avenida el que se habilit\u00e9 con un carril de ida y otro carril de venida, para permitir el paso de los conductores de veh\u00edculo.<\/p>\n<p style=\"text-align: justify;\">Debido a esta situaci\u00f3n, el funcionario hizo un llamado a la comunidad para conducir de manera responsable y respetando la labor que realiza el personal del Municipio para rehabilitar la estructura, lo que mejorar\u00e1 en gran medida la movilidad urbana por la zona.<\/p>\n<p style=\"text-align: justify;\">As\u00ed mismo, la Coordinaci\u00f3n General de Seguridad Vial llama a los ciudadanos a que atiendan los se\u00f1alamientos viales y los l\u00edmites de velocidad, as\u00ed como seguir las indicaciones de los agentes de Seguridad Vial.<\/p>\n","protected":false},"excerpt":{"rendered":"","protected":false},"author":6,"featured_media":35624,"comment_status":"open","ping_status":"open","sticky":false,"template":"","format":"standard","meta":{"_acf_changed":false,"_monsterinsights_skip_tracking":false,"slim_seo":{"title":"Cambian circulaci\u00f3n en la Heroico Colegio Militar por obras del puente Villarreal - Opini\u00f3n P\u00fablica","description":"Ciudad Ju\u00e1rez, Chih .- En seguimiento a las obras de rehabilitaci\u00f3n del puente Carlos Villarreal, a partir de este martes los conductores que transiten por la a"},"footnotes":""},"categories":[11],"tags":[],"class_list":["post-35625","post","type-post","status-publish","format-standard","has-post-thumbnail","hentry","category-tendencias"],"acf":[],"_links":{"self":[{"href":"https:\/\/www.opinionpublica.tv\/portada\/wp-json\/wp\/v2\/posts\/35625","targetHints":{"allow":["GET"]}}],"collection":[{"href":"https:\/\/www.opinionpublica.tv\/portada\/wp-json\/wp\/v2\/posts"}],"about":[{"href":"https:\/\/www.opinionpublica.tv\/portada\/wp-json\/wp\/v2\/types\/post"}],"author":[{"embeddable":true,"href":"https:\/\/www.opinionpublica.tv\/portada\/wp-json\/wp\/v2\/users\/6"}],"replies":[{"embeddable":true,"href":"https:\/\/www.opinionpublica.tv\/portada\/wp-json\/wp\/v2\/comments?post=35625"}],"version-history":[{"count":0,"href":"https:\/\/www.opinionpublica.tv\/portada\/wp-json\/wp\/v2\/posts\/35625\/revisions"}],"wp:featuredmedia":[{"embeddable":true,"href":"https:\/\/www.opinionpublica.tv\/portada\/wp-json\/wp\/v2\/media\/35624"}],"wp:attachment":[{"href":"https:\/\/www.opinionpublica.tv\/portada\/wp-json\/wp\/v2\/media?parent=35625"}],"wp:term":[{"taxonomy":"category","embeddable":true,"href":"https:\/\/www.opinionpublica.tv\/portada\/wp-json\/wp\/v2\/categories?post=35625"},{"taxonomy":"post_tag","embeddable":true,"href":"https:\/\/www.opinionpublica.tv\/portada\/wp-json\/wp\/v2\/tags?post=35625"}],"curies":[{"name":"wp","href":"https:\/\/api.w.org\/{rel}","templated":true}]}}