{"id":35623,"date":"2023-06-13T06:00:00","date_gmt":"2023-06-13T04:00:00","guid":{"rendered":"https:\/\/www.opinionpublica.tv\/portada\/2023\/06\/13\/llego-el-dr-vagon-a-ciudad-juarez-atendera-a-500-personas-diariamente\/"},"modified":"2023-06-13T06:00:00","modified_gmt":"2023-06-13T04:00:00","slug":"llego-el-dr-vagon-a-ciudad-juarez-atendera-a-500-personas-diariamente","status":"publish","type":"post","link":"https:\/\/www.opinionpublica.tv\/portada\/llego-el-dr-vagon-a-ciudad-juarez-atendera-a-500-personas-diariamente\/","title":{"rendered":"Lleg\u00f3 el Dr. Vag\u00f3n a Ciudad Ju\u00e1rez; atender\u00e1 a 500 personas diariamente"},"content":{"rendered":"<p><img fetchpriority=\"high\" decoding=\"async\" class=\" size-full wp-image-35622\" src=\"https:\/\/www.opinionpublica.tv\/portada\/wp-content\/uploads\/2023\/06\/171d9daf5f0c529a8996c68bdc596027.jpg\" alt=\"\" class=\"caption\" title=\"El Dr. Vag\u00f3n tiene servicio m\u00e9dico general, dermat\u00f3logo, pediatra, geriatr\u00eda y ultrasonido.\" width=\"1032\" height=\"688\" srcset=\"https:\/\/www.opinionpublica.tv\/portada\/wp-content\/uploads\/2023\/06\/171d9daf5f0c529a8996c68bdc596027.jpg 1032w, https:\/\/www.opinionpublica.tv\/portada\/wp-content\/uploads\/2023\/06\/171d9daf5f0c529a8996c68bdc596027-300x200.jpg 300w, https:\/\/www.opinionpublica.tv\/portada\/wp-content\/uploads\/2023\/06\/171d9daf5f0c529a8996c68bdc596027-1024x683.jpg 1024w, https:\/\/www.opinionpublica.tv\/portada\/wp-content\/uploads\/2023\/06\/171d9daf5f0c529a8996c68bdc596027-768x512.jpg 768w\" sizes=\"(max-width: 1032px) 100vw, 1032px\" \/><br \/>\n<!--more--><\/p>\n<p style=\"text-align: justify;\"><em>Ciudad Ju\u00e1rez, Chih<\/em>.- Con la finalidad de mejorar la calidad de vida de la poblaci\u00f3n, lleg\u00f3 a Ciudad Ju\u00e1rez el \u201cDr. Vag\u00f3n, el Tren de la Salud\u201d, que del 12 al 16 de junio, ofrece de forma gratuita diversos servicios m\u00e9dicos, en su \u00faltimo recorrido de la ruta 86.<\/p>\n<p style=\"text-align: justify;\">El subsecretario de Desarrollo Humano y Bien Com\u00fan, Octavio Villegas, inform\u00f3 que el \u201cTren de la Salud\u201d es una cl\u00ednica que se compone de 22 vagones, que recorre todo el pa\u00eds a trav\u00e9s de la infraestructura ferroviaria.<\/p>\n<p style=\"text-align: justify;\">\u201cEstamos muy contentos de continuar este recorrido, el cual inici\u00f3 en Chihuahua capital y ahora llega su ruta a Ju\u00e1rez\u201d, se\u00f1al\u00f3.<\/p>\n<p style=\"text-align: justify;\">Para recibir atenci\u00f3n m\u00e9dica, el \u00fanico requisito es acudir a los patios de Ferromex, en Eje Vial Juan Gabriel, a un costado de Soriana Sanders, lugar donde fueron ubicados los furgones.<\/p>\n<p style=\"text-align: justify;\">El coordinador operativo del \u201cDr. Vag\u00f3n\u201d, H\u00e9ctor Facundo, inform\u00f3 que los servicios disponibles son optometr\u00eda, nutrici\u00f3n, psicolog\u00eda, endometrio, quiropr\u00e1ctica, rehabilitaci\u00f3n f\u00edsica, ginecolog\u00eda y mastograf\u00eda.<\/p>\n<p style=\"text-align: justify;\">\u201cA los pacientes que vienen a optometr\u00eda, si necesitan lentes y contamos con su graduaci\u00f3n se les entregan al momento y gratis, al igual que el aparato auditivo\u201d, indic\u00f3.<\/p>\n<p style=\"text-align: justify;\">Se\u00f1al\u00f3 que tambi\u00e9n se cuenta con servicio m\u00e9dico general, de dermat\u00f3logo, pediatra, geriatr\u00eda, servicios de ultrasonido, planificaci\u00f3n familiar y algunos estudios de gabinete.<\/p>\n<p style=\"text-align: justify;\">Diariamente se entregar\u00e1n 500 fichas para tener acceso a las consultas, en un horario de 6:00 de la ma\u00f1ana a 5:00 de la tarde.<\/p>\n<p style=\"text-align: justify;\">Por las tardes se proyectar\u00e1 diariamente una pel\u00edcula en el Cine Vag\u00f3n de Cinemex, que incluye palomitas y bebidas gratis, para las ni\u00f1as y ni\u00f1os asistentes.<\/p>\n","protected":false},"excerpt":{"rendered":"","protected":false},"author":6,"featured_media":35622,"comment_status":"open","ping_status":"open","sticky":false,"template":"","format":"standard","meta":{"_acf_changed":false,"_monsterinsights_skip_tracking":false,"slim_seo":{"title":"Lleg\u00f3 el Dr. Vag\u00f3n a Ciudad Ju\u00e1rez; atender\u00e1 a 500 personas diariamente - Opini\u00f3n P\u00fablica","description":"Ciudad Ju\u00e1rez, Chih .- Con la finalidad de mejorar la calidad de vida de la poblaci\u00f3n, lleg\u00f3 a Ciudad Ju\u00e1rez el \u201cDr. Vag\u00f3n, el Tren de la Salud\u201d, que del 12 al"},"footnotes":""},"categories":[11],"tags":[],"class_list":["post-35623","post","type-post","status-publish","format-standard","has-post-thumbnail","hentry","category-tendencias"],"acf":[],"_links":{"self":[{"href":"https:\/\/www.opinionpublica.tv\/portada\/wp-json\/wp\/v2\/posts\/35623","targetHints":{"allow":["GET"]}}],"collection":[{"href":"https:\/\/www.opinionpublica.tv\/portada\/wp-json\/wp\/v2\/posts"}],"about":[{"href":"https:\/\/www.opinionpublica.tv\/portada\/wp-json\/wp\/v2\/types\/post"}],"author":[{"embeddable":true,"href":"https:\/\/www.opinionpublica.tv\/portada\/wp-json\/wp\/v2\/users\/6"}],"replies":[{"embeddable":true,"href":"https:\/\/www.opinionpublica.tv\/portada\/wp-json\/wp\/v2\/comments?post=35623"}],"version-history":[{"count":0,"href":"https:\/\/www.opinionpublica.tv\/portada\/wp-json\/wp\/v2\/posts\/35623\/revisions"}],"wp:featuredmedia":[{"embeddable":true,"href":"https:\/\/www.opinionpublica.tv\/portada\/wp-json\/wp\/v2\/media\/35622"}],"wp:attachment":[{"href":"https:\/\/www.opinionpublica.tv\/portada\/wp-json\/wp\/v2\/media?parent=35623"}],"wp:term":[{"taxonomy":"category","embeddable":true,"href":"https:\/\/www.opinionpublica.tv\/portada\/wp-json\/wp\/v2\/categories?post=35623"},{"taxonomy":"post_tag","embeddable":true,"href":"https:\/\/www.opinionpublica.tv\/portada\/wp-json\/wp\/v2\/tags?post=35623"}],"curies":[{"name":"wp","href":"https:\/\/api.w.org\/{rel}","templated":true}]}}