{"id":35621,"date":"2023-06-13T06:00:00","date_gmt":"2023-06-13T04:00:00","guid":{"rendered":"https:\/\/www.opinionpublica.tv\/portada\/2023\/06\/13\/dan-a-conocer-medidas-de-prevencion-contra-las-altas-temperaturas\/"},"modified":"2023-06-13T06:00:00","modified_gmt":"2023-06-13T04:00:00","slug":"dan-a-conocer-medidas-de-prevencion-contra-las-altas-temperaturas","status":"publish","type":"post","link":"https:\/\/www.opinionpublica.tv\/portada\/dan-a-conocer-medidas-de-prevencion-contra-las-altas-temperaturas\/","title":{"rendered":"Emiten medidas preventivas contra las altas temperaturas"},"content":{"rendered":"<p><img fetchpriority=\"high\" decoding=\"async\" class=\" size-full wp-image-35620\" src=\"https:\/\/www.opinionpublica.tv\/portada\/wp-content\/uploads\/2023\/06\/d9c4324ed6e97bdad783de2d2bde8d38.jpg\" alt=\"\" class=\"caption\" title=\"Se aconseja utilizar gorra, sombrero o una sombrilla para protegerse de los rayos solares.\" width=\"270\" height=\"187\" \/><br \/>\n<!--more--><\/p>\n<p style=\"text-align: justify;\"><em>Ciudad Ju\u00e1rez, Chih<\/em>.- Las altas temperaturas y la exposici\u00f3n prolongada a los rayos solares pueden provocar golpes de calor, insolaci\u00f3n y quemaduras en la piel, por ello, es necesario seguir una serie de medidas que ayudar\u00e1n a prevenir estos factores de riesgo.<\/p>\n<p style=\"text-align: justify;\">La directora de Salud Municipal, Daphne Santana Fern\u00e1ndez, aconsej\u00f3 a los ciudadanos evitar la exposici\u00f3n al sol y no realizar actividades al aire libre entre las 10:00 de la ma\u00f1ana y 4:00 de la tarde, adem\u00e1s de tener cuidado especial con los adultos mayores y ni\u00f1os, pues son grupos m\u00e1s vulnerables en esta temporada.<\/p>\n<p style=\"text-align: justify;\">Sin embargo, dijo que si es necesario salir de casa se aconseja utilizar gorra, sombrero o una sombrilla para protegerse de los rayos solares, as\u00ed como caminar por lugares con sombra, beber mucha agua y utilizar bloqueador solar para evitar quemaduras en la piel.<\/p>\n<p style=\"text-align: justify;\">La funcionaria explic\u00f3 que un golpe de calor es un cuadro m\u00e9dico que se produce cuando la temperatura corporal se eleva por encima de los 39 grados cent\u00edgrados por condiciones ambientales o actividades f\u00edsicas, provocando que el organismo se vuelva incapaz de regular su temperatura y se presentan s\u00edntomas como dolor de cabeza, boca seca, temblores, piel seca y caliente, desmayos e incluso la muerte.<\/p>\n<p style=\"text-align: justify;\">Mientras que la insolaci\u00f3n o infarto de calor, es un padecimiento producido en la cabeza por el excesivo calor del sol, se caracteriza por s\u00edntomas como nausea, v\u00f3mito, calor de la piel, somnolencia, sed y sudoraci\u00f3n abundante, indic\u00f3.<\/p>\n<p style=\"text-align: justify;\">Como otra medida para evitar malestares de la temporada, Santana Fern\u00e1ndez pidi\u00f3 evitar el consumo de alimentos en la calle, pues el aumento de temperaturas en la regi\u00f3n acelera la descomposici\u00f3n de la comida y repercute en enfermedades gastrointestinales.<\/p>\n<p style=\"text-align: justify;\">Dijo que en caso de una emergencia es fundamental llamar al tel\u00e9fono de emergencia 911, as\u00ed como tratar de regular la temperatura del paciente quit\u00e1ndole el exceso de ropa y refrescarlo con agua o compresas fr\u00edas en la frente, nuca y cuello, as\u00ed como ventilarlo para favorecer su respiraci\u00f3n.<\/p>\n<p style=\"text-align: justify;\">\u00a0<\/p>\n","protected":false},"excerpt":{"rendered":"","protected":false},"author":6,"featured_media":35620,"comment_status":"open","ping_status":"open","sticky":false,"template":"","format":"standard","meta":{"_acf_changed":false,"_monsterinsights_skip_tracking":false,"slim_seo":{"title":"Emiten medidas preventivas contra las altas temperaturas - Opini\u00f3n P\u00fablica","description":"Ciudad Ju\u00e1rez, Chih .- Las altas temperaturas y la exposici\u00f3n prolongada a los rayos solares pueden provocar golpes de calor, insolaci\u00f3n y quemaduras en la piel"},"footnotes":""},"categories":[41],"tags":[],"class_list":["post-35621","post","type-post","status-publish","format-standard","has-post-thumbnail","hentry","category-juarez"],"acf":[],"_links":{"self":[{"href":"https:\/\/www.opinionpublica.tv\/portada\/wp-json\/wp\/v2\/posts\/35621","targetHints":{"allow":["GET"]}}],"collection":[{"href":"https:\/\/www.opinionpublica.tv\/portada\/wp-json\/wp\/v2\/posts"}],"about":[{"href":"https:\/\/www.opinionpublica.tv\/portada\/wp-json\/wp\/v2\/types\/post"}],"author":[{"embeddable":true,"href":"https:\/\/www.opinionpublica.tv\/portada\/wp-json\/wp\/v2\/users\/6"}],"replies":[{"embeddable":true,"href":"https:\/\/www.opinionpublica.tv\/portada\/wp-json\/wp\/v2\/comments?post=35621"}],"version-history":[{"count":0,"href":"https:\/\/www.opinionpublica.tv\/portada\/wp-json\/wp\/v2\/posts\/35621\/revisions"}],"wp:featuredmedia":[{"embeddable":true,"href":"https:\/\/www.opinionpublica.tv\/portada\/wp-json\/wp\/v2\/media\/35620"}],"wp:attachment":[{"href":"https:\/\/www.opinionpublica.tv\/portada\/wp-json\/wp\/v2\/media?parent=35621"}],"wp:term":[{"taxonomy":"category","embeddable":true,"href":"https:\/\/www.opinionpublica.tv\/portada\/wp-json\/wp\/v2\/categories?post=35621"},{"taxonomy":"post_tag","embeddable":true,"href":"https:\/\/www.opinionpublica.tv\/portada\/wp-json\/wp\/v2\/tags?post=35621"}],"curies":[{"name":"wp","href":"https:\/\/api.w.org\/{rel}","templated":true}]}}