{"id":35619,"date":"2023-06-13T06:00:00","date_gmt":"2023-06-13T04:00:00","guid":{"rendered":"https:\/\/www.opinionpublica.tv\/portada\/2023\/06\/13\/anunciara-maru-tres-nuevas-inversiones-para-chihuahua-en-feria-aeroespacial-de-paris\/"},"modified":"2023-06-13T06:00:00","modified_gmt":"2023-06-13T04:00:00","slug":"anunciara-maru-tres-nuevas-inversiones-para-chihuahua-en-feria-aeroespacial-de-paris","status":"publish","type":"post","link":"https:\/\/www.opinionpublica.tv\/portada\/anunciara-maru-tres-nuevas-inversiones-para-chihuahua-en-feria-aeroespacial-de-paris\/","title":{"rendered":"Anunciar\u00e1 Maru tres nuevas inversiones durante la Feria Aeroespacial de Par\u00eds 2023"},"content":{"rendered":"<p><img fetchpriority=\"high\" decoding=\"async\" class=\" size-full wp-image-35618\" src=\"https:\/\/www.opinionpublica.tv\/portada\/wp-content\/uploads\/2023\/06\/99c21878b37eb68e632aa487c9d5b5f2.jpg\" alt=\"\" class=\"caption\" title=\"La gobernadora se reunir\u00e1 con directivos de Bell Helicopter, Regal Rexnord, Vesta Park y Safran.\" width=\"600\" height=\"450\" srcset=\"https:\/\/www.opinionpublica.tv\/portada\/wp-content\/uploads\/2023\/06\/99c21878b37eb68e632aa487c9d5b5f2.jpg 600w, https:\/\/www.opinionpublica.tv\/portada\/wp-content\/uploads\/2023\/06\/99c21878b37eb68e632aa487c9d5b5f2-300x225.jpg 300w\" sizes=\"(max-width: 600px) 100vw, 600px\" \/><br \/>\n<!--more--><\/p>\n<p style=\"text-align: justify;\"><em>Chihuahua, Chih<\/em>.- A fin de promover al estado y concretar ampliaci\u00f3n de inversiones de empresas ya establecidas en la entidad, la gobernadora de Chihuahua, Maru Campos Galv\u00e1n viajar\u00e1 a Francia para asistir la semana siguiente a la Feria Aeroespacial Paris Air Show 2023, evento que se realiza cada dos a\u00f1os y que es el m\u00e1s importante y reconocido de esta industria a nivel mundial, en donde se realizar\u00e1n tres anuncios de inversi\u00f3n de este sector.<\/p>\n<p style=\"text-align: justify;\">El Pabell\u00f3n de M\u00e9xico est\u00e1 dise\u00f1ado para sumar esfuerzos con la participaci\u00f3n y coordinaci\u00f3n general de FEMIA y Comisi\u00f3n de Promoci\u00f3n, con aliados como FAMEX 2023, Gobiernos y Embajada de M\u00e9xico en Francia, Clusters, Instituciones Acad\u00e9micas, Aeropuertos, Empresas con capacidades industriales, y otros organismos relacionados con el sector.<\/p>\n<p style=\"text-align: justify;\">Acompa\u00f1an a la Gobernadora en esta gira Manque Granados, secretaria de Innovaci\u00f3n y Desarrollo Econ\u00f3mico; Fernando Alba, subsecretario de Miner\u00eda, Industria y Energ\u00eda; as\u00ed como Alejandro Jaschack, director de Promoci\u00f3n, y Sergio Mancinas, Director del Instituto del Apoyo al Desarrollo Tecnol\u00f3gico\/CENALTEC.<\/p>\n<p style=\"text-align: justify;\">Como parte de la agenda, la gobernadora Maru Campos se reunir\u00e1 con directivos y representantes de empresas aeron\u00e1uticas como: Bell Helicopter, Regal Rexnord, Vesta Park, y Safran, entre otras, adem\u00e1s de inaugurar el Pabell\u00f3n de M\u00e9xico en la feria y participar en reuniones diplom\u00e1ticas.<\/p>\n<p style=\"text-align: justify;\">Desde hace m\u00e1s de 20 a\u00f1os, la industria aeroespacial lleg\u00f3 al estado de Chihuahua, donde gener\u00f3 la transformaci\u00f3n del sector manufacturero de exportaci\u00f3n y una vocaci\u00f3n productiva, haciendo de la regi\u00f3n el principal corredor Aeroespacial de M\u00e9xico, de acuerdo al Atlas Prospectivo Territorial-Industrial de M\u00e9xico de ONUDI y la Secretar\u00eda de Relaciones Exteriores.<\/p>\n<p style=\"text-align: justify;\">El sector aeroespacial emplea a m\u00e1s de 21 mil personas, con exportaciones anuales de 1,500 millones de d\u00f3lares en el estado, y Chihuahua concentra el 25 por ciento de las plantas aeroespaciales del pa\u00eds.<\/p>\n<p style=\"text-align: justify;\">En M\u00e9xico existen 8 empresas fabricantes de equipos originales (OEM\u2019S) instaladas en la industria aeroespacial, de las cuales, seis se ubican en Chihuahua, entre ellas, Textron Aviation, BELL, Honeywell, EZ AIR- Embraer, Bombardier y Kaman Aerospace; y m\u00e1s de 45 proveedores certificados, como Safran Aerosystem, Safran Electrical &amp; Power, GKN, Dart, Metal Finishing, Tighitco, Arnprior Aerospace, Atlas Group, Nordam, Lisi Aerosapace, Chandler Industries, Soisa Aircraft interios, Altaser, HT-MX, MAKINOVO, CBQ Technologies, y Meins Industries.<\/p>\n<p style=\"text-align: justify;\">\u00a0<\/p>\n","protected":false},"excerpt":{"rendered":"","protected":false},"author":6,"featured_media":35618,"comment_status":"open","ping_status":"open","sticky":false,"template":"","format":"standard","meta":{"_acf_changed":false,"_monsterinsights_skip_tracking":false,"slim_seo":{"title":"Anunciar\u00e1 Maru tres nuevas inversiones durante la Feria Aeroespacial de Par\u00eds 2023 - Opini\u00f3n P\u00fablica","description":"Chihuahua, Chih .- A fin de promover al estado y concretar ampliaci\u00f3n de inversiones de empresas ya establecidas en la entidad, la gobernadora de Chihuahua, Mar"},"footnotes":""},"categories":[11],"tags":[],"class_list":["post-35619","post","type-post","status-publish","format-standard","has-post-thumbnail","hentry","category-tendencias"],"acf":[],"_links":{"self":[{"href":"https:\/\/www.opinionpublica.tv\/portada\/wp-json\/wp\/v2\/posts\/35619","targetHints":{"allow":["GET"]}}],"collection":[{"href":"https:\/\/www.opinionpublica.tv\/portada\/wp-json\/wp\/v2\/posts"}],"about":[{"href":"https:\/\/www.opinionpublica.tv\/portada\/wp-json\/wp\/v2\/types\/post"}],"author":[{"embeddable":true,"href":"https:\/\/www.opinionpublica.tv\/portada\/wp-json\/wp\/v2\/users\/6"}],"replies":[{"embeddable":true,"href":"https:\/\/www.opinionpublica.tv\/portada\/wp-json\/wp\/v2\/comments?post=35619"}],"version-history":[{"count":0,"href":"https:\/\/www.opinionpublica.tv\/portada\/wp-json\/wp\/v2\/posts\/35619\/revisions"}],"wp:featuredmedia":[{"embeddable":true,"href":"https:\/\/www.opinionpublica.tv\/portada\/wp-json\/wp\/v2\/media\/35618"}],"wp:attachment":[{"href":"https:\/\/www.opinionpublica.tv\/portada\/wp-json\/wp\/v2\/media?parent=35619"}],"wp:term":[{"taxonomy":"category","embeddable":true,"href":"https:\/\/www.opinionpublica.tv\/portada\/wp-json\/wp\/v2\/categories?post=35619"},{"taxonomy":"post_tag","embeddable":true,"href":"https:\/\/www.opinionpublica.tv\/portada\/wp-json\/wp\/v2\/tags?post=35619"}],"curies":[{"name":"wp","href":"https:\/\/api.w.org\/{rel}","templated":true}]}}