{"id":35617,"date":"2023-06-13T06:00:00","date_gmt":"2023-06-13T04:00:00","guid":{"rendered":"https:\/\/www.opinionpublica.tv\/portada\/2023\/06\/13\/mayo-fue-el-mes-mas-violento-en-lo-que-va-del-2023-en-mexico-confirma-titular-de-seguridad\/"},"modified":"2023-06-13T06:00:00","modified_gmt":"2023-06-13T04:00:00","slug":"mayo-fue-el-mes-mas-violento-en-lo-que-va-del-2023-en-mexico-confirma-titular-de-seguridad","status":"publish","type":"post","link":"https:\/\/www.opinionpublica.tv\/portada\/mayo-fue-el-mes-mas-violento-en-lo-que-va-del-2023-en-mexico-confirma-titular-de-seguridad\/","title":{"rendered":"Mayo fue el mes m\u00e1s violento en lo que va del 2023 en M\u00e9xico, confirma titular de SSPC"},"content":{"rendered":"<p><img fetchpriority=\"high\" decoding=\"async\" class=\" size-full wp-image-35616\" src=\"https:\/\/www.opinionpublica.tv\/portada\/wp-content\/uploads\/2023\/06\/dd85916f6eb795052f7eeabb8dfa1ee8.jpg\" alt=\"\" class=\"caption\" title=\"La violencia en M\u00e9xico se increment\u00f3 a\u00fan m\u00e1s en el gobierno de L\u00f3pez Obrador.\" width=\"300\" height=\"168\" \/><br \/>\n<!--more--><\/p>\n<p style=\"text-align: justify;\"><em>Ciudad de M\u00e9xico<\/em>.- La secretaria de Seguridad y Protecci\u00f3n Ciudadana (SSPC), Rosa Icela Rodr\u00edguez Vel\u00e1zquez, confirm\u00f3 que mayo pasado es el mes m\u00e1s violento del a\u00f1o, al registrar 2 mil 660 v\u00edctimas de homicidio doloso y 63 feminicidios, para un total de 2 mil 723 asesinatos; un promedio de 88 diarios.<\/p>\n<p style=\"text-align: justify;\">La violencia homicida en el pa\u00eds aument\u00f3 9 por ciento el mes pasado con respecto a abril en el que se contabilizaron 2 mil 498 homicidios y feminicidios, seg\u00fan cifras del Secretariado Ejecutivo del Sistema Nacional de Seguridad P\u00fablica (SESNSP).<\/p>\n<p style=\"text-align: justify;\">Aunque admiti\u00f3 un repunte de los asesinatos el mes pasado, Rodr\u00edguez Vel\u00e1zquez asegur\u00f3 que se trata del mes de mayo m\u00e1s bajo de los \u00faltimos seis a\u00f1os.<\/p>\n<p style=\"text-align: justify;\">Al presentar este martes el informe mensual de seguridad, la titular de la SSPC reiter\u00f3 que seis estados concentran el 47 por ciento de las 21 mil 059 v\u00edctimas de homicidio doloso y de feminicidio que suman de enero a mayo de 2023.<\/p>\n<p style=\"text-align: justify;\">Estas entidades son Guanajuato, mil 380; Estado de M\u00e9xico, mil 119; Baja California, 945; Jalisco, 889; Chihuahua, 888; Michoac\u00e1n, 775.<\/p>\n<p style=\"text-align: justify;\">Indic\u00f3 que el mes pasado, Guanajuato tuvo 296 homicidios, lo que representa 22 v\u00edctimas m\u00e1s que en abril de este a\u00f1o.<\/p>\n<p style=\"text-align: justify;\">Asimismo, Baja California registr\u00f3 291 asesinatos, 29 m\u00e1s que el mes anterior, mientras que Jalisco pas\u00f3 de 149 a 215 muertes intencionales.<\/p>\n<p style=\"text-align: justify;\">Las v\u00edctimas de homicidio tambi\u00e9n aumentaron en Chihuahua y Michoac\u00e1n, de acuerdo con la secretaria de Seguridad y Protecci\u00f3n Ciudadana, Rosa Icela Rodr\u00edguez Vel\u00e1zquez.<\/p>\n<p style=\"text-align: justify;\"><em>Con informaci\u00f3n de El Universal<\/em>.<\/p>\n","protected":false},"excerpt":{"rendered":"","protected":false},"author":6,"featured_media":35616,"comment_status":"open","ping_status":"open","sticky":false,"template":"","format":"standard","meta":{"_acf_changed":false,"_monsterinsights_skip_tracking":false,"slim_seo":{"title":"Mayo fue el mes m\u00e1s violento en lo que va del 2023 en M\u00e9xico, confirma titular de SSPC - Opini\u00f3n P\u00fablica","description":"Ciudad de M\u00e9xico .- La secretaria de Seguridad y Protecci\u00f3n Ciudadana (SSPC), Rosa Icela Rodr\u00edguez Vel\u00e1zquez, confirm\u00f3 que mayo pasado es el mes m\u00e1s violento de"},"footnotes":""},"categories":[3],"tags":[],"class_list":["post-35617","post","type-post","status-publish","format-standard","has-post-thumbnail","hentry","category-principal"],"acf":[],"_links":{"self":[{"href":"https:\/\/www.opinionpublica.tv\/portada\/wp-json\/wp\/v2\/posts\/35617","targetHints":{"allow":["GET"]}}],"collection":[{"href":"https:\/\/www.opinionpublica.tv\/portada\/wp-json\/wp\/v2\/posts"}],"about":[{"href":"https:\/\/www.opinionpublica.tv\/portada\/wp-json\/wp\/v2\/types\/post"}],"author":[{"embeddable":true,"href":"https:\/\/www.opinionpublica.tv\/portada\/wp-json\/wp\/v2\/users\/6"}],"replies":[{"embeddable":true,"href":"https:\/\/www.opinionpublica.tv\/portada\/wp-json\/wp\/v2\/comments?post=35617"}],"version-history":[{"count":0,"href":"https:\/\/www.opinionpublica.tv\/portada\/wp-json\/wp\/v2\/posts\/35617\/revisions"}],"wp:featuredmedia":[{"embeddable":true,"href":"https:\/\/www.opinionpublica.tv\/portada\/wp-json\/wp\/v2\/media\/35616"}],"wp:attachment":[{"href":"https:\/\/www.opinionpublica.tv\/portada\/wp-json\/wp\/v2\/media?parent=35617"}],"wp:term":[{"taxonomy":"category","embeddable":true,"href":"https:\/\/www.opinionpublica.tv\/portada\/wp-json\/wp\/v2\/categories?post=35617"},{"taxonomy":"post_tag","embeddable":true,"href":"https:\/\/www.opinionpublica.tv\/portada\/wp-json\/wp\/v2\/tags?post=35617"}],"curies":[{"name":"wp","href":"https:\/\/api.w.org\/{rel}","templated":true}]}}