{"id":35615,"date":"2023-06-13T06:00:00","date_gmt":"2023-06-13T04:00:00","guid":{"rendered":"https:\/\/www.opinionpublica.tv\/portada\/2023\/06\/13\/alicia-barcena-es-la-nueva-titular-de-sre-tras-renuncia-de-ebrard\/"},"modified":"2023-06-13T06:00:00","modified_gmt":"2023-06-13T04:00:00","slug":"alicia-barcena-es-la-nueva-titular-de-sre-tras-renuncia-de-ebrard","status":"publish","type":"post","link":"https:\/\/www.opinionpublica.tv\/portada\/alicia-barcena-es-la-nueva-titular-de-sre-tras-renuncia-de-ebrard\/","title":{"rendered":"Alicia B\u00e1rcena es la nueva titular de SRE tras renuncia de Ebrard"},"content":{"rendered":"<p><img fetchpriority=\"high\" decoding=\"async\" class=\" size-full wp-image-35614\" src=\"https:\/\/www.opinionpublica.tv\/portada\/wp-content\/uploads\/2023\/06\/9e5872fba6d40242f5a405a86d2db962.jpg\" alt=\"\" class=\"caption\" title=\"El presidente L\u00f3pez Obrador dijo que B\u00e1rcena asumir\u00e1 el nuevo cargo en 10 d\u00edas.\" width=\"800\" height=\"600\" srcset=\"https:\/\/www.opinionpublica.tv\/portada\/wp-content\/uploads\/2023\/06\/9e5872fba6d40242f5a405a86d2db962.jpg 800w, https:\/\/www.opinionpublica.tv\/portada\/wp-content\/uploads\/2023\/06\/9e5872fba6d40242f5a405a86d2db962-300x225.jpg 300w, https:\/\/www.opinionpublica.tv\/portada\/wp-content\/uploads\/2023\/06\/9e5872fba6d40242f5a405a86d2db962-768x576.jpg 768w\" sizes=\"(max-width: 800px) 100vw, 800px\" \/><br \/>\n<!--more--><\/p>\n<p style=\"text-align: justify;\">Alicia B\u00e1rcena es la nueva secretaria de Relaciones Exteriores tras la renuncia de Marcelo Ebrard, quien buscar\u00e1 la candidatura presidencial de Morena, anunci\u00f3 el presidente Andr\u00e9s Manuel L\u00f3pez Obrador, quien asegur\u00f3 que la actual embajadora de M\u00e9xico en Chile lo ayudar\u00e1 en el \u00faltimo tramo de su sexenio.<\/p>\n<p style=\"text-align: justify;\">\u201cEstoy muy contento porque vamos a estar bien representados, es una profesional, una diplom\u00e1tica, una mujer con convicciones, con principios y nos va ayudar en este \u00faltimo tramo del gobierno\u201d, dijo el mandatario luego de dar a conocer la designaci\u00f3n del nuevo titular de la SRE.<\/p>\n<p style=\"text-align: justify;\">L\u00f3pez Obrador dijo que B\u00e1rcena asumir\u00e1 el nuevo cargo en 10 d\u00edas, por lo que durante este lapso la diplom\u00e1tica Carmen Moreno Toscano, actualmente subsecretaria de la SRE, ser\u00e1 la encargada de despacho de la dependencia.<\/p>\n<p style=\"text-align: justify;\">\u201cTiene una carrera ampl\u00edsima en el campo de la diplomacia, es una mujer muy inteligente\u201d, resalt\u00f3 L\u00f3pez Obrador sobre Alicia B\u00e1rcena, quien antes, en septiembre de 2022, hab\u00eda sido propuesta por el mandatario para encabezar el Banco Interamericano de Desarrollo.<\/p>\n<p style=\"text-align: justify;\">El nombramiento de Alicia B\u00e1rcena como nueva canciller deber\u00e1 ser ratificado por el Senado de la Rep\u00fablica, de acuerdo con el Art\u00edculo 76 de la Constituci\u00f3n.<\/p>\n<p style=\"text-align: justify;\"><em>Con informaci\u00f3n de Exc\u00e9lsior.<\/em><\/p>\n","protected":false},"excerpt":{"rendered":"","protected":false},"author":6,"featured_media":35614,"comment_status":"open","ping_status":"open","sticky":false,"template":"","format":"standard","meta":{"_acf_changed":false,"_monsterinsights_skip_tracking":false,"slim_seo":{"title":"Alicia B\u00e1rcena es la nueva titular de SRE tras renuncia de Ebrard - Opini\u00f3n P\u00fablica","description":"Alicia B\u00e1rcena es la nueva secretaria de Relaciones Exteriores tras la renuncia de Marcelo Ebrard, quien buscar\u00e1 la candidatura presidencial de Morena, anunci\u00f3"},"footnotes":""},"categories":[4],"tags":[],"class_list":["post-35615","post","type-post","status-publish","format-standard","has-post-thumbnail","hentry","category-pulsopolitico"],"acf":[],"_links":{"self":[{"href":"https:\/\/www.opinionpublica.tv\/portada\/wp-json\/wp\/v2\/posts\/35615","targetHints":{"allow":["GET"]}}],"collection":[{"href":"https:\/\/www.opinionpublica.tv\/portada\/wp-json\/wp\/v2\/posts"}],"about":[{"href":"https:\/\/www.opinionpublica.tv\/portada\/wp-json\/wp\/v2\/types\/post"}],"author":[{"embeddable":true,"href":"https:\/\/www.opinionpublica.tv\/portada\/wp-json\/wp\/v2\/users\/6"}],"replies":[{"embeddable":true,"href":"https:\/\/www.opinionpublica.tv\/portada\/wp-json\/wp\/v2\/comments?post=35615"}],"version-history":[{"count":0,"href":"https:\/\/www.opinionpublica.tv\/portada\/wp-json\/wp\/v2\/posts\/35615\/revisions"}],"wp:featuredmedia":[{"embeddable":true,"href":"https:\/\/www.opinionpublica.tv\/portada\/wp-json\/wp\/v2\/media\/35614"}],"wp:attachment":[{"href":"https:\/\/www.opinionpublica.tv\/portada\/wp-json\/wp\/v2\/media?parent=35615"}],"wp:term":[{"taxonomy":"category","embeddable":true,"href":"https:\/\/www.opinionpublica.tv\/portada\/wp-json\/wp\/v2\/categories?post=35615"},{"taxonomy":"post_tag","embeddable":true,"href":"https:\/\/www.opinionpublica.tv\/portada\/wp-json\/wp\/v2\/tags?post=35615"}],"curies":[{"name":"wp","href":"https:\/\/api.w.org\/{rel}","templated":true}]}}