{"id":35609,"date":"2023-06-13T06:00:00","date_gmt":"2023-06-13T04:00:00","guid":{"rendered":"https:\/\/www.opinionpublica.tv\/portada\/2023\/06\/13\/efemerides-13-de-junio-6\/"},"modified":"2023-06-13T06:00:00","modified_gmt":"2023-06-13T04:00:00","slug":"efemerides-13-de-junio-6","status":"publish","type":"post","link":"https:\/\/www.opinionpublica.tv\/portada\/efemerides-13-de-junio-6\/","title":{"rendered":"Efem\u00e9rides 13 de junio"},"content":{"rendered":"<img fetchpriority=\"high\" decoding=\"async\" class=\" size-full wp-image-35608\" src=\"https:\/\/www.opinionpublica.tv\/portada\/wp-content\/uploads\/2023\/06\/46ade81b14257e630c7dd1626d8ba638.jpg\" alt=\"\" class=\"caption\" title=\"Ali Agca, autor del atentado contra Juan Pablo II, sali\u00f3 de la c\u00e1rcel y fue extraditado a Turqu\u00eda.\" width=\"311\" height=\"162\" srcset=\"https:\/\/www.opinionpublica.tv\/portada\/wp-content\/uploads\/2023\/06\/46ade81b14257e630c7dd1626d8ba638.jpg 311w, https:\/\/www.opinionpublica.tv\/portada\/wp-content\/uploads\/2023\/06\/46ade81b14257e630c7dd1626d8ba638-300x156.jpg 300w\" sizes=\"(max-width: 311px) 100vw, 311px\" \/>\n<p style=\"text-align: justify;\">Un d\u00eda 13 de junio como hoy, pero de 2000, el turco Ali Agca, autor del atentado contra Juan Pablo II, abandona la c\u00e1rcel de Arcona para ser extraditado a Turqu\u00eda, tras ser indultado por el presidente italiano.<\/p>\n<p><!--more--><\/p>\n<p style=\"text-align: justify;\"><strong>Otras efem\u00e9rides<\/strong><\/p>\n<p style=\"text-align: justify;\">1525.- El religioso reformista Mart\u00edn Lutero se casa con la monja Katharina von Bora.<\/p>\n<p style=\"text-align: justify;\">1611.- El astr\u00f3nomo alem\u00e1n David Fabricius publica su obra \u2018De Maculis in Sole Observatis\u2019 primer libro sobre manchas en el sol.<\/p>\n<p style=\"text-align: justify;\">1886.- Un devastador incendio destruye gran parte de la ciudad de Vancouver, en la Columbia Brit\u00e1nica en Canad\u00e1.<\/p>\n<p style=\"text-align: justify;\">1920.- Estalla una bomba en el Teatro Nacional de la Habana, durante una representaci\u00f3n de la opera \u00abAida\u00bb, de Verdi, interpretada por el tenor Enrico Caruso.<\/p>\n<p style=\"text-align: justify;\">1944.- Lanzamiento sobre Londres de la bomba V-1 alemana, el primer misil guiado que se utiliz\u00f3 en la guerra.<\/p>\n<p style=\"text-align: justify;\">1956.- El Real Madrid gana la primera edici\u00f3n de la Copa de Europa de Clubes al vencer al Stade de Reims.<\/p>\n<p style=\"text-align: justify;\">1964.- Se bota en Kiel (RFA) el \u00abOtto Hahn\u00bb, primer nav\u00edo europeo de propulsi\u00f3n nuclear.<\/p>\n<p style=\"text-align: justify;\">1994.- XXX Cumbre de la OUA en T\u00fanez, con la participaci\u00f3n oficial de Sud\u00e1frica tras su ingreso en la organizaci\u00f3n despu\u00e9s de 30 a\u00f1os de exclusi\u00f3n por la pol\u00edtica de segregaci\u00f3n racial.<\/p>\n<p style=\"text-align: justify;\">1996.- El Parlamento de B\u00e9lgica elimina la pena de muerte.<\/p>\n<p style=\"text-align: justify;\">2002.- El presidente interino de Afganist\u00e1n, Hamid Karzai, es elegido jefe del Gobierno afgano de transici\u00f3n por la gran Asamblea afgana, la \u00abLoya Yirga\u00bb.<\/p>\n<p style=\"text-align: justify;\">2005.- El cantante estadounidense Michael Jackson es declarado inocente de los diez cargos de los que estaba acusado, entre ellos cuatro de abuso sexual de un menor.<\/p>\n<p style=\"text-align: justify;\">2007.- Simon Peres es elegido noveno presidente de Israel por el Parlamento de ese pa\u00eds.<\/p>\n<p style=\"text-align: justify;\">2008.- Inauguraci\u00f3n de la Exposici\u00f3n Internacional de Zaragoza.<\/p>\n<p style=\"text-align: justify;\">2012.- Cruz Roja Internacional gana el Premio Pr\u00edncipe de Asturias de Cooperaci\u00f3n.<\/p>\n<p style=\"text-align: justify;\">2018.- M\u00e0xim Huerta dimite como ministro de Cultura de Espa\u00f1a tras conocerse que defraud\u00f3 a Hacienda, lo que le convierte en el ministro m\u00e1s ef\u00edmero de la democracia espa\u00f1ola.<\/p>\n<p style=\"text-align: justify;\">2019.- El Reino Unido firma la orden de extradici\u00f3n del fundador de WikiLeaks, Julian Assange a Estados Unidos a expensas de lo que diga un tribunal.<\/p>\n<p style=\"text-align: justify;\">2019.- La ciudad polaca de Gdansk es galardonada este jueves con el Premio Princesa de Asturias de la Concordia 2019.<\/p>\n<p style=\"text-align: justify;\">2021.- Una amalgama de ocho partidos pol\u00edticos de todas las ideolog\u00edas arrebata el Gobierno israel\u00ed a Benjamin Netanyahu, que hab\u00eda ocupado el cargo de primer ministro los \u00faltimos doce a\u00f1os.<\/p>\n<p style=\"text-align: justify;\">2021.- La ministra espa\u00f1ola de Derechos Sociales, Ione Belarra, es elegida nueva secretar\u00eda general de Podemos.<\/p>\n<p style=\"text-align: justify;\">2022.- Jornada negra con ca\u00eddas en las principales bolsas de todo el mundo, por encima del 2%, por temor a que la alta inflaci\u00f3n provoque una desaceleraci\u00f3n de la econom\u00eda.<\/p>\n<p style=\"text-align: justify;\"><strong>Nacimientos<\/strong><\/p>\n<p style=\"text-align: justify;\">1763.- Jos\u00e9 Bonifacio de Andrade y Silva, padre de la independencia de Brasil.<\/p>\n<p style=\"text-align: justify;\">1790.- Jos\u00e9 Antonio Pa\u00e9z, palad\u00edn de la independencia de Venezuela.<\/p>\n<p style=\"text-align: justify;\">1874.- Leopoldo Lugones, poeta y ensayista argentino.<\/p>\n<p style=\"text-align: justify;\">1888.- Fernando Pessoa, escritor portugu\u00e9s.<\/p>\n<p style=\"text-align: justify;\">1910.- Gonzalo Torrente Ballester, escritor espa\u00f1ol.<\/p>\n<p style=\"text-align: justify;\">1917.- Augusto Roa Bastos, escritor de origen paraguayo nacionalizado espa\u00f1ol.<\/p>\n<p style=\"text-align: justify;\">1923.- Antonio Pereira, escritor espa\u00f1ol.<\/p>\n<p style=\"text-align: justify;\">1928.- John Forbes Nash, economista estadounidense, Premio Nobel en 1994.<\/p>\n<p style=\"text-align: justify;\">1932.- Jaime Pe\u00f1afiel, periodista espa\u00f1ol.<\/p>\n<p style=\"text-align: justify;\">1935.- Christo Javacheff \u00abChristo\u00bb, artista multidisciplinar b\u00falgaro.<\/p>\n<p style=\"text-align: justify;\">1943.- Malcolm McDowell (Malcolm Taylor), actor brit\u00e1nico.<\/p>\n<p style=\"text-align: justify;\">1944.- Ban Ki Moon, coreano, secretario general de Naciones Unidas.<\/p>\n<p style=\"text-align: justify;\">1946.- Montserrat Roig Torrens, escritora y periodista espa\u00f1ola.<\/p>\n<p style=\"text-align: justify;\">1946.- Cristina Hoyos, bailarina y core\u00f3grafa espa\u00f1ola.<\/p>\n<p style=\"text-align: justify;\">1963.- Olvido Gara, Alaska, cantante espa\u00f1ola de origen mexicano.<\/p>\n<p style=\"text-align: justify;\">1965.- Cristina de Borb\u00f3n, Infanta de Espa\u00f1a.<\/p>\n<p style=\"text-align: justify;\">1966.- Luis Larra\u00f1aga Merlo, actor espa\u00f1ol.<\/p>\n<p style=\"text-align: justify;\">1967.- Luca de Meo, ejecutivo italiano.<\/p>\n<p style=\"text-align: justify;\">1969.- Cayetana Guill\u00e9n Cuervo, actriz espa\u00f1ola.<\/p>\n<p style=\"text-align: justify;\">1980.- Juan Carlos Navarro Feijoo, baloncestista espa\u00f1ol.<\/p>\n<p style=\"text-align: justify;\">1981.- Antonio Manuel Reina Ballesteros, atleta espa\u00f1ol.<\/p>\n<p style=\"text-align: justify;\"><strong>Defunciones<\/strong><\/p>\n<p style=\"text-align: justify;\">1901.- Leopoldo Alas, Clar\u00edn, escritor espa\u00f1ol.<\/p>\n<p style=\"text-align: justify;\">1931.- Santiago Rusi\u00f1ol, pintor y escultor espa\u00f1ol.<\/p>\n<p style=\"text-align: justify;\">1982.- Jaled ben Abdel Azis, rey de Arabia Saudita.<\/p>\n<p style=\"text-align: justify;\">2005.- \u00c1lvaro Cunhal, l\u00edder hist\u00f3rico del Partido Comunista portugu\u00e9s.<\/p>\n<p style=\"text-align: justify;\">2005.- Eugenio de Andrade, poeta portugu\u00e9s.<\/p>\n<p style=\"text-align: justify;\">2005.- Jaime Campmany, periodista espa\u00f1ol.<\/p>\n<p style=\"text-align: justify;\">2012.- Carlos Cobos, actor mexicano.<\/p>\n<p style=\"text-align: justify;\">2012.- William Knowles, Premio Nobel de qu\u00edmica estadounidense.<\/p>\n<p style=\"text-align: justify;\">2017.- Emma Maleras Gobern, bailarina y concertista espa\u00f1ola.<\/p>\n<p style=\"text-align: justify;\">2017.- Mois\u00e9s Maicas, director de teatro espa\u00f1ol.<\/p>\n<p style=\"text-align: justify;\">2019.- Edith Gonz\u00e1lez, actriz mexicana.<\/p>\n<p style=\"text-align: justify;\">2020.- Jean Raspail, escritor franc\u00e9s.<\/p>\n<p style=\"text-align: justify;\">2020.- Jos\u00e9 Mar\u00eda Naveiras Escanlar, arque\u00f3logo espa\u00f1ol.<\/p>\n<p style=\"text-align: justify;\">2021.- Ned Beatty, actor estadounidense.<\/p>\n<p style=\"text-align: justify;\">2021.- Ferran Freixa, fot\u00f3grafo espa\u00f1ol.<\/p>\n<p style=\"text-align: justify;\">2021.- Jes\u00fas Mart\u00edn-Barbero, fil\u00f3sofo, semi\u00f3logo y antrop\u00f3logo espa\u00f1ol.<\/p>\n<p style=\"text-align: justify;\">2022.- Carlos Ortiz, boxeador puertorique\u00f1o.<\/p>\n","protected":false},"excerpt":{"rendered":"<p>Un d\u00eda 13 de junio como hoy, pero de 2000, el turco Ali Agca, autor del atentado contra Juan Pablo II, abandona la c\u00e1rcel de Arcona para ser extraditado a Turqu\u00eda, tras ser indultado por el presidente italiano.<\/p>\n","protected":false},"author":6,"featured_media":35608,"comment_status":"open","ping_status":"open","sticky":false,"template":"","format":"standard","meta":{"_acf_changed":false,"_monsterinsights_skip_tracking":false,"slim_seo":{"title":"Efem\u00e9rides 13 de junio - Opini\u00f3n P\u00fablica","description":"Un d\u00eda 13 de junio como hoy, pero de 2000, el turco Ali Agca, autor del atentado contra Juan Pablo II, abandona la c\u00e1rcel de Arcona para ser extraditado a Turqu"},"footnotes":""},"categories":[27],"tags":[],"class_list":["post-35609","post","type-post","status-publish","format-standard","has-post-thumbnail","hentry","category-un-dia-como-hoy"],"acf":[],"_links":{"self":[{"href":"https:\/\/www.opinionpublica.tv\/portada\/wp-json\/wp\/v2\/posts\/35609","targetHints":{"allow":["GET"]}}],"collection":[{"href":"https:\/\/www.opinionpublica.tv\/portada\/wp-json\/wp\/v2\/posts"}],"about":[{"href":"https:\/\/www.opinionpublica.tv\/portada\/wp-json\/wp\/v2\/types\/post"}],"author":[{"embeddable":true,"href":"https:\/\/www.opinionpublica.tv\/portada\/wp-json\/wp\/v2\/users\/6"}],"replies":[{"embeddable":true,"href":"https:\/\/www.opinionpublica.tv\/portada\/wp-json\/wp\/v2\/comments?post=35609"}],"version-history":[{"count":0,"href":"https:\/\/www.opinionpublica.tv\/portada\/wp-json\/wp\/v2\/posts\/35609\/revisions"}],"wp:featuredmedia":[{"embeddable":true,"href":"https:\/\/www.opinionpublica.tv\/portada\/wp-json\/wp\/v2\/media\/35608"}],"wp:attachment":[{"href":"https:\/\/www.opinionpublica.tv\/portada\/wp-json\/wp\/v2\/media?parent=35609"}],"wp:term":[{"taxonomy":"category","embeddable":true,"href":"https:\/\/www.opinionpublica.tv\/portada\/wp-json\/wp\/v2\/categories?post=35609"},{"taxonomy":"post_tag","embeddable":true,"href":"https:\/\/www.opinionpublica.tv\/portada\/wp-json\/wp\/v2\/tags?post=35609"}],"curies":[{"name":"wp","href":"https:\/\/api.w.org\/{rel}","templated":true}]}}