{"id":35599,"date":"2023-06-13T06:00:00","date_gmt":"2023-06-13T04:00:00","guid":{"rendered":"https:\/\/www.opinionpublica.tv\/portada\/2023\/06\/13\/google-drive-para-pc-dejara-de-estar-disponible-en-versiones-viejas-de-windows\/"},"modified":"2023-06-13T06:00:00","modified_gmt":"2023-06-13T04:00:00","slug":"google-drive-para-pc-dejara-de-estar-disponible-en-versiones-viejas-de-windows","status":"publish","type":"post","link":"https:\/\/www.opinionpublica.tv\/portada\/google-drive-para-pc-dejara-de-estar-disponible-en-versiones-viejas-de-windows\/","title":{"rendered":"Google Drive para PC dejar\u00e1 de estar disponible en versiones m\u00e1s antiguas de Windows"},"content":{"rendered":"<p><img fetchpriority=\"high\" decoding=\"async\" class=\" size-full wp-image-35598\" src=\"https:\/\/www.opinionpublica.tv\/portada\/wp-content\/uploads\/2023\/06\/7169c71d0750fa1944db5e619d965f29.jpg\" alt=\"\" class=\"caption\" title=\"Esta aplicaci\u00f3n perder\u00e1 el soporte en agosto en algunas versiones de Windows.\" width=\"300\" height=\"168\" \/><br \/>\n<!--more--><\/p>\n<p style=\"text-align: justify;\">Google anunci\u00f3 que su aplicaci\u00f3n para ordenadores de su servicio de alojamiento en la nube Drive dejar\u00e1 de estar disponible en agosto en algunas de las versiones del sistema operativo de Microsoft.<\/p>\n<p style=\"text-align: justify;\">Google Drive para ordenadores es una aplicaci\u00f3n para Windows y Mac que permite a los usuarios guardar los archivos de un ordenador en la nube, organizarlos y gestionarlos en el sistema de archivos sin ocupar espacio de almacenamiento y abrirlos en el ordenador.<\/p>\n<p style=\"text-align: justify;\">La compa\u00f1\u00eda tecnol\u00f3gica ha comunicado a trav\u00e9s de la p\u00e1gina de ayuda de Workspace que la aplicaci\u00f3n perder\u00e1 el soporte en agosto en algunas versiones de Windows.<\/p>\n<p style=\"text-align: justify;\">En concreto, detalla que dejar\u00e1 de estar disponible en Windows 8\/8.1, Windows Server 2012, y todas las versiones Windows de 32bit.<\/p>\n<p style=\"text-align: justify;\">Por el contrario, la aplicaci\u00f3n de Drive para escritorio seguir\u00e1 estando disponible para Window 10 de 64 bit o una versi\u00f3n posterior, por lo que Google insta a los usuarios afectados a actualzar a este sistema antes de agosto.<\/p>\n","protected":false},"excerpt":{"rendered":"","protected":false},"author":6,"featured_media":35598,"comment_status":"open","ping_status":"open","sticky":false,"template":"","format":"standard","meta":{"_acf_changed":false,"_monsterinsights_skip_tracking":false,"slim_seo":{"title":"Google Drive para PC dejar\u00e1 de estar disponible en versiones m\u00e1s antiguas de Windows - Opini\u00f3n P\u00fablica","description":"Google anunci\u00f3 que su aplicaci\u00f3n para ordenadores de su servicio de alojamiento en la nube Drive dejar\u00e1 de estar disponible en agosto en algunas de las versione"},"footnotes":""},"categories":[22],"tags":[],"class_list":["post-35599","post","type-post","status-publish","format-standard","has-post-thumbnail","hentry","category-ciencia-y-tecnologia"],"acf":[],"_links":{"self":[{"href":"https:\/\/www.opinionpublica.tv\/portada\/wp-json\/wp\/v2\/posts\/35599","targetHints":{"allow":["GET"]}}],"collection":[{"href":"https:\/\/www.opinionpublica.tv\/portada\/wp-json\/wp\/v2\/posts"}],"about":[{"href":"https:\/\/www.opinionpublica.tv\/portada\/wp-json\/wp\/v2\/types\/post"}],"author":[{"embeddable":true,"href":"https:\/\/www.opinionpublica.tv\/portada\/wp-json\/wp\/v2\/users\/6"}],"replies":[{"embeddable":true,"href":"https:\/\/www.opinionpublica.tv\/portada\/wp-json\/wp\/v2\/comments?post=35599"}],"version-history":[{"count":0,"href":"https:\/\/www.opinionpublica.tv\/portada\/wp-json\/wp\/v2\/posts\/35599\/revisions"}],"wp:featuredmedia":[{"embeddable":true,"href":"https:\/\/www.opinionpublica.tv\/portada\/wp-json\/wp\/v2\/media\/35598"}],"wp:attachment":[{"href":"https:\/\/www.opinionpublica.tv\/portada\/wp-json\/wp\/v2\/media?parent=35599"}],"wp:term":[{"taxonomy":"category","embeddable":true,"href":"https:\/\/www.opinionpublica.tv\/portada\/wp-json\/wp\/v2\/categories?post=35599"},{"taxonomy":"post_tag","embeddable":true,"href":"https:\/\/www.opinionpublica.tv\/portada\/wp-json\/wp\/v2\/tags?post=35599"}],"curies":[{"name":"wp","href":"https:\/\/api.w.org\/{rel}","templated":true}]}}