{"id":35593,"date":"2023-06-13T06:00:00","date_gmt":"2023-06-13T04:00:00","guid":{"rendered":"https:\/\/www.opinionpublica.tv\/portada\/2023\/06\/13\/cerraran-cuerpo-norte-de-heroico-militar-por-obras-del-puente-villarreal\/"},"modified":"2023-06-13T06:00:00","modified_gmt":"2023-06-13T04:00:00","slug":"cerraran-cuerpo-norte-de-heroico-militar-por-obras-del-puente-villarreal","status":"publish","type":"post","link":"https:\/\/www.opinionpublica.tv\/portada\/cerraran-cuerpo-norte-de-heroico-militar-por-obras-del-puente-villarreal\/","title":{"rendered":"Cerrar\u00e1n cuerpo norte de Heroico Militar por obras del puente Villarreal"},"content":{"rendered":"<p style=\"text-align: justify;\"><em>Ciudad Ju\u00e1rez, Chih<\/em>.- Para dar pie a la siguiente fase de las obras de rehabilitaci\u00f3n que se realizan en el puente Carlos Villarreal y que iniciaron el pasado mes de febrero, el tr\u00e1fico del cuerpo norte de la avenida Heroico Colegio Militar, entre Adolfo L\u00f3pez Mateos hasta un costado donde se est\u00e1n registrando dichas obras, se ver\u00e1 interrumpido a partir de la pr\u00f3xima semana y durante los pr\u00f3ximos meses.<\/p>\n<p style=\"text-align: justify;\">El \u00e1rea de An\u00e1lisis T\u00e9cnico e Infraestructura Vial de la Coordinaci\u00f3n General de Seguridad Vial, menciona que estas acciones se dan para fortalecer los trabajos de mantenimiento en el lugar, los cuales ya muestran grandes avances, por lo que ahora ser\u00e1 el cuerpo sur de esta avenida el que se habilit\u00e9 con un carril de ida y otro carril de venida, para permitir el paso de los conductores de veh\u00edculo.<\/p>\n<p style=\"text-align: justify;\">Los pr\u00f3ximos d\u00edas las autoridades correspondientes iniciar\u00e1n con la habilitaci\u00f3n de este tramo, por lo que ambos cuerpos estar\u00e1n abiertos a la circulaci\u00f3n, durante algunas horas, a fin de no entorpecer el trayecto y evitar congestionamientos, raz\u00f3n por la que personal de esta dependencia municipal implementar\u00e1 un operativo especial para resguardar el orden vehicular, adem\u00e1s de acondicionar con la se\u00f1al\u00e9tica adecuada en el camino para que los conductores identifiquen los tramos correspondientes.<\/p>\n<p style=\"text-align: justify;\">Debido a ello, Vialidad hace un llamado a manejar con cortes\u00eda y respeto, ceder el paso a los peatones, atender los se\u00f1alamientos viales y los l\u00edmites de velocidad, as\u00ed como seguir las indicaciones de los polic\u00edas viales.<\/p>\n<p style=\"text-align: justify;\">La corporaci\u00f3n trabaja \u201cPor una mejor cultura vial\u201d, con el fin de disminuir incidentes, crear conciencia y responsabilidad al momento de transitar por las diversas vialidades de nuestra ciudad.<\/p>\n","protected":false},"excerpt":{"rendered":"<p>Ciudad Ju\u00e1rez, Chih.- Para dar pie a la siguiente fase de las obras de rehabilitaci\u00f3n que se realizan en el puente Carlos Villarreal y que iniciaron el pasado mes de febrero, el tr\u00e1fico del cuerpo norte de la avenida Heroico Colegio Militar, entre Adolfo L\u00f3pez Mateos hasta un costado donde se est\u00e1n registrando dichas obras, [&hellip;]<\/p>\n","protected":false},"author":6,"featured_media":0,"comment_status":"open","ping_status":"open","sticky":false,"template":"","format":"standard","meta":{"_acf_changed":false,"_monsterinsights_skip_tracking":false,"slim_seo":{"title":"Cerrar\u00e1n cuerpo norte de Heroico Militar por obras del puente Villarreal - Opini\u00f3n P\u00fablica","description":"Ciudad Ju\u00e1rez, Chih .- Para dar pie a la siguiente fase de las obras de rehabilitaci\u00f3n que se realizan en el puente Carlos Villarreal y que iniciaron el pasado"},"footnotes":""},"categories":[41],"tags":[],"class_list":["post-35593","post","type-post","status-publish","format-standard","hentry","category-juarez"],"acf":[],"_links":{"self":[{"href":"https:\/\/www.opinionpublica.tv\/portada\/wp-json\/wp\/v2\/posts\/35593","targetHints":{"allow":["GET"]}}],"collection":[{"href":"https:\/\/www.opinionpublica.tv\/portada\/wp-json\/wp\/v2\/posts"}],"about":[{"href":"https:\/\/www.opinionpublica.tv\/portada\/wp-json\/wp\/v2\/types\/post"}],"author":[{"embeddable":true,"href":"https:\/\/www.opinionpublica.tv\/portada\/wp-json\/wp\/v2\/users\/6"}],"replies":[{"embeddable":true,"href":"https:\/\/www.opinionpublica.tv\/portada\/wp-json\/wp\/v2\/comments?post=35593"}],"version-history":[{"count":0,"href":"https:\/\/www.opinionpublica.tv\/portada\/wp-json\/wp\/v2\/posts\/35593\/revisions"}],"wp:attachment":[{"href":"https:\/\/www.opinionpublica.tv\/portada\/wp-json\/wp\/v2\/media?parent=35593"}],"wp:term":[{"taxonomy":"category","embeddable":true,"href":"https:\/\/www.opinionpublica.tv\/portada\/wp-json\/wp\/v2\/categories?post=35593"},{"taxonomy":"post_tag","embeddable":true,"href":"https:\/\/www.opinionpublica.tv\/portada\/wp-json\/wp\/v2\/tags?post=35593"}],"curies":[{"name":"wp","href":"https:\/\/api.w.org\/{rel}","templated":true}]}}