{"id":35582,"date":"2023-06-13T06:00:00","date_gmt":"2023-06-13T04:00:00","guid":{"rendered":"https:\/\/www.opinionpublica.tv\/portada\/2023\/06\/13\/la-verdadera-batalla-de-2024\/"},"modified":"2023-06-13T06:00:00","modified_gmt":"2023-06-13T04:00:00","slug":"la-verdadera-batalla-de-2024","status":"publish","type":"post","link":"https:\/\/www.opinionpublica.tv\/portada\/la-verdadera-batalla-de-2024\/","title":{"rendered":"La verdadera batalla de 2024"},"content":{"rendered":"<img decoding=\"async\" class=\" size-full wp-image-35581\" src=\"https:\/\/www.opinionpublica.tv\/portada\/wp-content\/uploads\/2023\/06\/5a1d73642f21647d65c99bcc1717e0df.jpg\" alt=\"\" class=\"caption\" title=\"Luis Carlos Ugalde, ex presidente del IFE.\" width=\"270\" height=\"152\" \/>\n<p style=\"text-align: justify;\">Aunque la presidencia de la Rep\u00fablica es muy importante, la verdadera batalla pol\u00edtica de 2024 ser\u00e1 el tipo de r\u00e9gimen pol\u00edtico que queremos para M\u00e9xico. L\u00f3pez Obrador lo anunci\u00f3 la semana pasada: en 2024 buscar\u00e1 que Morena gane la mayor\u00eda calificada en el Congreso para redefinir las atribuciones de la Suprema Corte de Justicia de la Naci\u00f3n (SCJN) y la forma de seleccionar a sus ministros.<\/p>\n<p><!--more--><\/p>\n<p style=\"text-align: justify;\">Si lo logra, la Corte dejar\u00e1 de ser un tribunal constitucional y se convertir\u00e1 en una extensi\u00f3n pol\u00edtica del gobierno, una suerte de poder militante de la transformaci\u00f3n obradorista.<\/p>\n<p style=\"text-align: justify;\">Ya con la mayor\u00eda calificada en ambas c\u00e1maras del Congreso, L\u00f3pez Obrador \u2014durante el \u00faltimo mes de su gobierno\u2014 tambi\u00e9n propondr\u00eda una reforma electoral para desaparecer al Instituto Nacional Electoral (INE) y eliminar otros \u00f3rganos aut\u00f3nomos o reguladores como el Instituto de Transparencia (INAI) y la Comisi\u00f3n Federal de Competencia Econ\u00f3mica (Cofece).<\/p>\n<p style=\"text-align: justify;\">No solo eso, podr\u00eda darse el lujo de convocar a un Congreso Constituyente y forzar a que el nuevo gobierno de Morena tenga que asumir esa agenda legislativa. L\u00f3pez Obrador atar\u00eda las manos de su sucesor@. Un Congreso Constituyente para reescribir la Constituci\u00f3n y \u2014ahora s\u00ed\u2014 cambiar las bases econ\u00f3micas y pol\u00edticas del desarrollo del pa\u00eds.<\/p>\n<p style=\"text-align: justify;\">Cabe recordar que, durante los primeros cuatro a\u00f1os de gobierno, L\u00f3pez Obrador mantuvo una relaci\u00f3n cordial con la Suprema Corte. Le dio luz verde a su presidente, Arturo Zald\u00edvar, para dise\u00f1ar una reforma judicial que fue aprobada por unanimidad en el a\u00f1o 2021. Cuando se acercaba el fin del periodo de Zald\u00edvar, AMLO quiso que se prolongara su mandato, algo que afortunadamente no se materializ\u00f3.<\/p>\n<p style=\"text-align: justify;\">Durante ese periodo de cuatro a\u00f1os, la Corte raramente impuso l\u00edmites al presidente. Le permiti\u00f3 una consulta popular inconstitucional para presuntamente juzgar a ex presidentes y pospuso decisiones trascendentales sobre la militarizaci\u00f3n de la seguridad p\u00fablica, la Guardia Nacional y sobre normas penales militares.<\/p>\n<p style=\"text-align: justify;\">Cuando analiz\u00f3 las impugnaciones en contra de la reforma el\u00e9ctrica, la Corte no alcanz\u00f3 los ocho votos para declararla inconstitucional.<\/p>\n<p style=\"text-align: justify;\">La Corte se convirti\u00f3 en los hechos en una instituci\u00f3n c\u00f3moda y complaciente para los designios de L\u00f3pez Obrador. Todo cambi\u00f3 cuando se renov\u00f3 la presidencia y lleg\u00f3 una persona de carrera judicial que ha facilitado que este poder p\u00fablico retome su funci\u00f3n de tribunal constitucional.<\/p>\n<p style=\"text-align: justify;\">Que la Corte haya rebotado en las \u00faltimas semanas dos de las tres reformas m\u00e1s relevantes de la segunda mitad del sexenio \u2014la transferencia de la Guardia Nacional al seno de la Secretar\u00eda de la Defensa Nacional y la reforma electoral\u2014 ha puesto a L\u00f3pez Obrador en actitud de guerra.<\/p>\n<p style=\"text-align: justify;\">El presidente ha encontrado en la Corte un nuevo fetiche para dar la \u00faltima batalla de su sexenio. Una suerte de mito para encauzar su lucha pol\u00edtica en contra de las \u00e9lites conservadoras. Un paraguas ret\u00f3rico para hacer campa\u00f1a abierta en 2024. Y tambi\u00e9n un pretexto para meterse a la cocina del futuro gobierno, para dejarles la comida ya preparada.<\/p>\n<p style=\"text-align: justify;\">Para quienes creemos que la democracia constitucional con divisi\u00f3n efectiva de poderes es la ruta correcta de desarrollo pol\u00edtico del pa\u00eds, hay una amenaza cre\u00edble sobre la mesa. Hay una pistola cargada. Solo los votos pueden desactivar esta bomba de tiempo.<\/p>\n<p style=\"text-align: justify;\">Efectivamente, el modelo de democracia representativa ha tenido enormes deficiencias en las \u00faltimas d\u00e9cadas. Pero la alternativa, el modelo autoritario populista, es un calabozo de propaganda y de gobierno voluntarista de una sola persona que s\u00f3lo mina las libertades y el desarrollo econ\u00f3mico de mediano plazo: es insostenible fiscalmente.<\/p>\n<p style=\"text-align: justify;\">\u00a0<\/p>\n","protected":false},"excerpt":{"rendered":"<p>Aunque la presidencia de la Rep\u00fablica es muy importante, la verdadera batalla pol\u00edtica de 2024 ser\u00e1 el tipo de r\u00e9gimen pol\u00edtico que queremos para M\u00e9xico. L\u00f3pez Obrador lo anunci\u00f3 la semana pasada: en 2024 buscar\u00e1 que Morena gane la mayor\u00eda calificada en el Congreso para redefinir las atribuciones de la Suprema Corte de Justicia de [&hellip;]<\/p>\n","protected":false},"author":6,"featured_media":35581,"comment_status":"open","ping_status":"open","sticky":false,"template":"","format":"standard","meta":{"_acf_changed":false,"_monsterinsights_skip_tracking":false,"slim_seo":{"title":"La verdadera batalla de 2024 - Opini\u00f3n P\u00fablica","description":"Aunque la presidencia de la Rep\u00fablica es muy importante, la verdadera batalla pol\u00edtica de 2024 ser\u00e1 el tipo de r\u00e9gimen pol\u00edtico que queremos para M\u00e9xico. L\u00f3pez"},"footnotes":""},"categories":[23],"tags":[843],"class_list":["post-35582","post","type-post","status-publish","format-standard","has-post-thumbnail","hentry","category-democracia-eficaz","tag-luis-carlos-ugalde"],"acf":[],"_links":{"self":[{"href":"https:\/\/www.opinionpublica.tv\/portada\/wp-json\/wp\/v2\/posts\/35582","targetHints":{"allow":["GET"]}}],"collection":[{"href":"https:\/\/www.opinionpublica.tv\/portada\/wp-json\/wp\/v2\/posts"}],"about":[{"href":"https:\/\/www.opinionpublica.tv\/portada\/wp-json\/wp\/v2\/types\/post"}],"author":[{"embeddable":true,"href":"https:\/\/www.opinionpublica.tv\/portada\/wp-json\/wp\/v2\/users\/6"}],"replies":[{"embeddable":true,"href":"https:\/\/www.opinionpublica.tv\/portada\/wp-json\/wp\/v2\/comments?post=35582"}],"version-history":[{"count":0,"href":"https:\/\/www.opinionpublica.tv\/portada\/wp-json\/wp\/v2\/posts\/35582\/revisions"}],"wp:featuredmedia":[{"embeddable":true,"href":"https:\/\/www.opinionpublica.tv\/portada\/wp-json\/wp\/v2\/media\/35581"}],"wp:attachment":[{"href":"https:\/\/www.opinionpublica.tv\/portada\/wp-json\/wp\/v2\/media?parent=35582"}],"wp:term":[{"taxonomy":"category","embeddable":true,"href":"https:\/\/www.opinionpublica.tv\/portada\/wp-json\/wp\/v2\/categories?post=35582"},{"taxonomy":"post_tag","embeddable":true,"href":"https:\/\/www.opinionpublica.tv\/portada\/wp-json\/wp\/v2\/tags?post=35582"}],"curies":[{"name":"wp","href":"https:\/\/api.w.org\/{rel}","templated":true}]}}