{"id":35419,"date":"2023-06-04T06:00:00","date_gmt":"2023-06-04T04:00:00","guid":{"rendered":"https:\/\/www.opinionpublica.tv\/portada\/2023\/06\/04\/se-declaran-ganadoras-ambas-candidatas-al-edomex\/"},"modified":"2023-06-04T06:00:00","modified_gmt":"2023-06-04T04:00:00","slug":"se-declaran-ganadoras-ambas-candidatas-al-edomex","status":"publish","type":"post","link":"https:\/\/www.opinionpublica.tv\/portada\/se-declaran-ganadoras-ambas-candidatas-al-edomex\/","title":{"rendered":"Se declaran ganadoras las dos candidatas al Estado de M\u00e9xico"},"content":{"rendered":"<p><img fetchpriority=\"high\" decoding=\"async\" class=\" size-full wp-image-35418\" src=\"https:\/\/www.opinionpublica.tv\/portada\/wp-content\/uploads\/2023\/06\/01f1f81a0763238dfee8aeb73f00866d.jpg\" alt=\"\" class=\"caption\" title=\"Delfina G\u00f3mez de Morena y Alejandra del Moral del PRI-PAN buscan gobernar el Edomex.\" width=\"618\" height=\"326\" srcset=\"https:\/\/www.opinionpublica.tv\/portada\/wp-content\/uploads\/2023\/06\/01f1f81a0763238dfee8aeb73f00866d.jpg 618w, https:\/\/www.opinionpublica.tv\/portada\/wp-content\/uploads\/2023\/06\/01f1f81a0763238dfee8aeb73f00866d-300x158.jpg 300w\" sizes=\"(max-width: 618px) 100vw, 618px\" \/><br \/>\n<!--more--><\/p>\n<p style=\"text-align: justify;\"><em>Toluca, Edomex<\/em>.- Cuatro minutos despu\u00e9s de la seis de la tarde, cuando apenas se hab\u00edan cerrado las casillas en la entidad, Morena y sus aliados del PT y PVEM se declararon vencedores de la elecci\u00f3n por la gubernatura del Estado de M\u00e9xico y aseguraron que su candidata, Delfina G\u00f3mez, ser\u00e1 la nueva gobernadora mexiquense.<\/p>\n<p style=\"text-align: justify;\">La abanderada de la coalici\u00f3n Juntos Hacemos Historia manifest\u00f3 que en los comicios les fue \u201crequetebi\u00e9n\u201d y agradeci\u00f3 a los mexiquenses por su apoyo para lograr la alternancia en el estado e instaurar un gobierno cercano del pueblo y para el pueblo.<\/p>\n<p style=\"text-align: justify;\">\u201cQuien gana no es la maestra Delfina nada m\u00e1s , son los mexiquenses. Estoy super orgullosa de todos los ciudadanos, porque ellos hicieron posible este triunfo\u201d, expres\u00f3 la texcocana, quien calific\u00f3 su victoria como \u201cun momento hist\u00f3rico para el estado\u201d.<\/p>\n<p style=\"text-align: justify;\">Casi al borde del llanto por la emoci\u00f3n, Delfina G\u00f3mez dijo que la ciudadan\u00eda sali\u00f3 con alegr\u00eda a votar para hacer realidad el cambio. \u201custedes decidieron que el momento de transformaci\u00f3n que vive el pa\u00eds eche ra\u00edces en el estado, nos fue requetebi\u00e9n y ahora vendr\u00e1n mejores tiempos para los mexiquenses\u201d, recalc\u00f3.<\/p>\n<p style=\"text-align: justify;\">Por su parte, arropada por las dirigencias de los partidos que los postularon que euf\u00f3ricos le levantaron la mano, la candidata de la Alianza Va Por M\u00e9xico, Alejandra del Moral asever\u00f3 que con los reporte de los representantes de su candidatura del cien por ciento de las casillas, \u00abpodemos decirles que est\u00e1 elecci\u00f3n la ganamos\u00bb.<\/p>\n<p style=\"text-align: justify;\">Sin la euforia que proyectaban los rostros de los dirigentes del PRI, Alejandro Moreno, del PRD, Jes\u00fas Zambrano y del PAN Marko Cortes, el mensaje de la candidata fue escueto: \u00abustedes (los medios) mejor que nadie saben que fue la elecci\u00f3n m\u00e1s vigilada de la historia en el estado de M\u00e9xico y ante esta informaci\u00f3n lo \u00fanico que podemos decirles que ser\u00e9 absolutamente respetuosa de la autoridad electoral y vamos a esperar hasta la \u00faltima acta de nuestros representantes para poder volver a contactar con ustedes\u00bb, agreg\u00f3 en sugerente mensaje de poco m\u00e1s de tres minutos.<\/p>\n<p style=\"text-align: justify;\">Concluido su discurso, Moreno y Zambrano levantaron la mano a la candidata que mostraba una poco convencida sonrisa y se un\u00eda al triunfalismo de los dirigentes de la alianza. (La Jornada)<\/p>\n","protected":false},"excerpt":{"rendered":"","protected":false},"author":6,"featured_media":35418,"comment_status":"open","ping_status":"open","sticky":false,"template":"","format":"standard","meta":{"_acf_changed":false,"_monsterinsights_skip_tracking":false,"slim_seo":{"title":"Se declaran ganadoras las dos candidatas al Estado de M\u00e9xico - Opini\u00f3n P\u00fablica","description":"Toluca, Edomex .- Cuatro minutos despu\u00e9s de la seis de la tarde, cuando apenas se hab\u00edan cerrado las casillas en la entidad, Morena y sus aliados del PT y PVEM"},"footnotes":""},"categories":[4],"tags":[],"class_list":["post-35419","post","type-post","status-publish","format-standard","has-post-thumbnail","hentry","category-pulsopolitico"],"acf":[],"_links":{"self":[{"href":"https:\/\/www.opinionpublica.tv\/portada\/wp-json\/wp\/v2\/posts\/35419","targetHints":{"allow":["GET"]}}],"collection":[{"href":"https:\/\/www.opinionpublica.tv\/portada\/wp-json\/wp\/v2\/posts"}],"about":[{"href":"https:\/\/www.opinionpublica.tv\/portada\/wp-json\/wp\/v2\/types\/post"}],"author":[{"embeddable":true,"href":"https:\/\/www.opinionpublica.tv\/portada\/wp-json\/wp\/v2\/users\/6"}],"replies":[{"embeddable":true,"href":"https:\/\/www.opinionpublica.tv\/portada\/wp-json\/wp\/v2\/comments?post=35419"}],"version-history":[{"count":0,"href":"https:\/\/www.opinionpublica.tv\/portada\/wp-json\/wp\/v2\/posts\/35419\/revisions"}],"wp:featuredmedia":[{"embeddable":true,"href":"https:\/\/www.opinionpublica.tv\/portada\/wp-json\/wp\/v2\/media\/35418"}],"wp:attachment":[{"href":"https:\/\/www.opinionpublica.tv\/portada\/wp-json\/wp\/v2\/media?parent=35419"}],"wp:term":[{"taxonomy":"category","embeddable":true,"href":"https:\/\/www.opinionpublica.tv\/portada\/wp-json\/wp\/v2\/categories?post=35419"},{"taxonomy":"post_tag","embeddable":true,"href":"https:\/\/www.opinionpublica.tv\/portada\/wp-json\/wp\/v2\/tags?post=35419"}],"curies":[{"name":"wp","href":"https:\/\/api.w.org\/{rel}","templated":true}]}}