{"id":35417,"date":"2023-06-04T06:00:00","date_gmt":"2023-06-04T04:00:00","guid":{"rendered":"https:\/\/www.opinionpublica.tv\/portada\/2023\/06\/04\/arranco-la-temporada-de-verano-en-albercas-del-aquadif-con-miles-de-visitantes-este-domingo\/"},"modified":"2023-06-04T06:00:00","modified_gmt":"2023-06-04T04:00:00","slug":"arranco-la-temporada-de-verano-en-albercas-del-aquadif-con-miles-de-visitantes-este-domingo","status":"publish","type":"post","link":"https:\/\/www.opinionpublica.tv\/portada\/arranco-la-temporada-de-verano-en-albercas-del-aquadif-con-miles-de-visitantes-este-domingo\/","title":{"rendered":"Arranc\u00f3 la temporada de verano en albercas del AquaDIF con miles de visitantes este domingo"},"content":{"rendered":"<p><img fetchpriority=\"high\" decoding=\"async\" class=\" size-full wp-image-35416\" src=\"https:\/\/www.opinionpublica.tv\/portada\/wp-content\/uploads\/2023\/06\/b80d1561a87d4cdae978ad2a9a20ec94.jpg\" alt=\"\" class=\"caption\" title=\"En los \u00faltimos dos a\u00f1os, el DIF municipal ha invertido m\u00e1s de 7 millones de pesos en el AquaDIF.\" width=\"1280\" height=\"854\" srcset=\"https:\/\/www.opinionpublica.tv\/portada\/wp-content\/uploads\/2023\/06\/b80d1561a87d4cdae978ad2a9a20ec94.jpg 1280w, https:\/\/www.opinionpublica.tv\/portada\/wp-content\/uploads\/2023\/06\/b80d1561a87d4cdae978ad2a9a20ec94-300x200.jpg 300w, https:\/\/www.opinionpublica.tv\/portada\/wp-content\/uploads\/2023\/06\/b80d1561a87d4cdae978ad2a9a20ec94-1024x683.jpg 1024w, https:\/\/www.opinionpublica.tv\/portada\/wp-content\/uploads\/2023\/06\/b80d1561a87d4cdae978ad2a9a20ec94-768x512.jpg 768w\" sizes=\"(max-width: 1280px) 100vw, 1280px\" \/><br \/>\n<!--more--><\/p>\n<p style=\"text-align: justify;\"><em>Ciudad Ju\u00e1rez, Chih<\/em>.- El presidente municipal, Cruz P\u00e9rez Cu\u00e9llar, acompa\u00f1ado de la presidenta del Sistema para el Desarrollo Integral de la Familia (DIF), Rub\u00ed Enr\u00edquez, cort\u00f3 el list\u00f3n de apertura de la temporada de verano del AquaDIF, con instalaciones totalmente renovadas.<\/p>\n<p style=\"text-align: justify;\">\u00abQuiero destacar el trabajo que ha realizado el DIF municipal en este espacio durante los \u00faltimos dos a\u00f1os, para que la ciudadan\u00eda pueda disfrutar de las albercas\u00bb, dijo el alcalde.<\/p>\n<p style=\"text-align: justify;\">Explic\u00f3 que en los \u00faltimos dos a\u00f1os, el DIF municipal ha invertido m\u00e1s de 7 millones de pesos en el AquaDIF para mejorar su infraestructura y se comprometi\u00f3 a seguir trabajando para que m\u00e1s espacios p\u00fablicos en la ciudad sean remodelados y cuenten con instalaciones dignas para los juarenses.<\/p>\n<p style=\"text-align: justify;\">Se paviment\u00f3 el estacionamiento, se compraron todas las bombas de filtrado, se remodelaron los ba\u00f1os, se cambiaron los filtros y la tuber\u00eda de PVC, se reacondicion\u00f3 la malla cicl\u00f3nica, se pintaron todas las albercas y se coloc\u00f3 mosaico en la alberca principal de m\u00e1s de 100 metros cuadrados, se pint\u00f3 el tobog\u00e1n y se coloc\u00f3 antiderrapante en todas las \u00e1reas acu\u00e1ticas.<\/p>\n<p style=\"text-align: justify;\">\u00abHa sido mucho el trabajo realizado por parte del personal del DIF municipal, para que en este d\u00eda las familias de Ciudad Ju\u00e1rez puedan disfrutar de las albercas\u00bb, se\u00f1al\u00f3 Rub\u00ed Enr\u00edquez, presidenta del Sistema para el Desarrollo Integral de la Familia (DIF).<\/p>\n<p style=\"text-align: justify;\">P\u00e9rez Cu\u00e9llar, acompa\u00f1ado por la presidenta del DIF municipal, realiz\u00f3 un recorrido por las instalaciones donde entreg\u00f3 algunos regalos a los ciudadanos que acudieron a la apertura del AquaDIF.<\/p>\n<p style=\"text-align: justify;\">Este domingo, en total se registraron 3 mil 190 personas que entraron gratis, siendo 560 ni\u00f1os, 815 ni\u00f1as, menores de 12 a\u00f1os, mil 163 mujeres y 652 hombres.<\/p>\n<p style=\"text-align: justify;\">El AquaDIF estar\u00e1 abierto de martes a domingo en un horario de 11:00 de la ma\u00f1ana a 6:00 de la tarde.<\/p>\n","protected":false},"excerpt":{"rendered":"","protected":false},"author":6,"featured_media":35416,"comment_status":"open","ping_status":"open","sticky":false,"template":"","format":"standard","meta":{"_acf_changed":false,"_monsterinsights_skip_tracking":false,"slim_seo":{"title":"Arranc\u00f3 la temporada de verano en albercas del AquaDIF con miles de visitantes este domingo - Opini\u00f3n P\u00fablica","description":"Ciudad Ju\u00e1rez, Chih .- El presidente municipal, Cruz P\u00e9rez Cu\u00e9llar, acompa\u00f1ado de la presidenta del Sistema para el Desarrollo Integral de la Familia (DIF), Rub"},"footnotes":""},"categories":[41],"tags":[],"class_list":["post-35417","post","type-post","status-publish","format-standard","has-post-thumbnail","hentry","category-juarez"],"acf":[],"_links":{"self":[{"href":"https:\/\/www.opinionpublica.tv\/portada\/wp-json\/wp\/v2\/posts\/35417","targetHints":{"allow":["GET"]}}],"collection":[{"href":"https:\/\/www.opinionpublica.tv\/portada\/wp-json\/wp\/v2\/posts"}],"about":[{"href":"https:\/\/www.opinionpublica.tv\/portada\/wp-json\/wp\/v2\/types\/post"}],"author":[{"embeddable":true,"href":"https:\/\/www.opinionpublica.tv\/portada\/wp-json\/wp\/v2\/users\/6"}],"replies":[{"embeddable":true,"href":"https:\/\/www.opinionpublica.tv\/portada\/wp-json\/wp\/v2\/comments?post=35417"}],"version-history":[{"count":0,"href":"https:\/\/www.opinionpublica.tv\/portada\/wp-json\/wp\/v2\/posts\/35417\/revisions"}],"wp:featuredmedia":[{"embeddable":true,"href":"https:\/\/www.opinionpublica.tv\/portada\/wp-json\/wp\/v2\/media\/35416"}],"wp:attachment":[{"href":"https:\/\/www.opinionpublica.tv\/portada\/wp-json\/wp\/v2\/media?parent=35417"}],"wp:term":[{"taxonomy":"category","embeddable":true,"href":"https:\/\/www.opinionpublica.tv\/portada\/wp-json\/wp\/v2\/categories?post=35417"},{"taxonomy":"post_tag","embeddable":true,"href":"https:\/\/www.opinionpublica.tv\/portada\/wp-json\/wp\/v2\/tags?post=35417"}],"curies":[{"name":"wp","href":"https:\/\/api.w.org\/{rel}","templated":true}]}}