{"id":3437,"date":"2016-08-31T06:00:00","date_gmt":"2016-08-31T04:00:00","guid":{"rendered":"https:\/\/www.opinionpublica.tv\/portada\/2016\/08\/31\/llega-el-primer-vuelo-comercial-de-eu-cuba\/"},"modified":"2016-08-31T06:00:00","modified_gmt":"2016-08-31T04:00:00","slug":"llega-el-primer-vuelo-comercial-de-eu-cuba","status":"publish","type":"post","link":"https:\/\/www.opinionpublica.tv\/portada\/llega-el-primer-vuelo-comercial-de-eu-cuba\/","title":{"rendered":"Llega el primer vuelo comercial de EU-Cuba"},"content":{"rendered":"<p><img fetchpriority=\"high\" decoding=\"async\" class=\" size-full wp-image-3436\" src=\"https:\/\/www.opinionpublica.tv\/portada\/wp-content\/uploads\/2016\/08\/f53115cacd70cd7c73e329ab0a729712.jpg\" alt=\"\" width=\"722\" height=\"424\" srcset=\"https:\/\/www.opinionpublica.tv\/portada\/wp-content\/uploads\/2016\/08\/f53115cacd70cd7c73e329ab0a729712.jpg 722w, https:\/\/www.opinionpublica.tv\/portada\/wp-content\/uploads\/2016\/08\/f53115cacd70cd7c73e329ab0a729712-300x176.jpg 300w\" sizes=\"(max-width: 722px) 100vw, 722px\" \/><\/p>\n<p style=\"text-align: justify;\">El vuelo 387 de JetBlue aterriz\u00f3 en Cuba este mi\u00e9rcoles e hizo historia: es\u00a0el primer vuelo comercial entre Estados Unidos y la isla en m\u00e1s de medio siglo.<\/p>\n<p style=\"text-align: justify;\">El vuelo, que despeg\u00f3 del aeropuerto de Fort Lauderdale, Florida, y llegar\u00e1 a Santa Clara, Cuba, es el m\u00e1s reciente s\u00edmbolo del descongelamiento\u00a0de las relaciones entre los antiguos adversarios de la Guerra Fr\u00eda, que restauraron relaciones diplom\u00e1ticas en julio de 2015.<\/p>\n<p style=\"text-align: justify;\">Hasta ahora, la ciudad de Santa Clara era famosa por ser el lugar donde se encuentra la tumba de Ernesto el \u2018Che\u2019 Guevara, el revolucionario argentino que luch\u00f3 junto a Fidel Castro y que muri\u00f3 con ayuda de la CIA liderando una insurrecci\u00f3n en Bolivia.<\/p>\n<p style=\"text-align: justify;\">Muy pronto un m\u00e1ximo de 110 vuelos diarios operadas por compa\u00f1\u00edas como JetBlue, American Airlines, Delta, Frontier, Southwest y Silver Airways, deber\u00e1n empezar a volar a la isla comunista, seg\u00fan el Departamento de Transporte de Estados Unidos.<\/p>\n<p style=\"text-align: justify;\">A pesar de que la administraci\u00f3n de Barack Obama ha aliviado las restricciones para viajar a Cuba, a\u00fan se mantienen algunas barreras para que los estadounidenses visiten la isla.<\/p>\n<p>CNN<\/p>\n<p>\u00a0<\/p>\n","protected":false},"excerpt":{"rendered":"<p>El vuelo 387 de JetBlue aterriz\u00f3 en Cuba este mi\u00e9rcoles e hizo historia: es\u00a0el primer vuelo comercial entre Estados Unidos y la isla en m\u00e1s de medio siglo. El vuelo, que despeg\u00f3 del aeropuerto de Fort Lauderdale, Florida, y llegar\u00e1 a Santa Clara, Cuba, es el m\u00e1s reciente s\u00edmbolo del descongelamiento\u00a0de las relaciones entre los [&hellip;]<\/p>\n","protected":false},"author":1,"featured_media":3436,"comment_status":"open","ping_status":"open","sticky":false,"template":"","format":"standard","meta":{"_acf_changed":false,"_monsterinsights_skip_tracking":false,"slim_seo":{"title":"Llega el primer vuelo comercial de EU-Cuba - Opini\u00f3n P\u00fablica","description":"El vuelo 387 de JetBlue aterriz\u00f3 en Cuba este mi\u00e9rcoles e hizo historia: es\u00a0el primer vuelo comercial entre Estados Unidos y la isla en m\u00e1s de medio siglo. El v"},"footnotes":""},"categories":[24],"tags":[],"class_list":["post-3437","post","type-post","status-publish","format-standard","has-post-thumbnail","hentry","category-estados-unidos"],"acf":[],"_links":{"self":[{"href":"https:\/\/www.opinionpublica.tv\/portada\/wp-json\/wp\/v2\/posts\/3437","targetHints":{"allow":["GET"]}}],"collection":[{"href":"https:\/\/www.opinionpublica.tv\/portada\/wp-json\/wp\/v2\/posts"}],"about":[{"href":"https:\/\/www.opinionpublica.tv\/portada\/wp-json\/wp\/v2\/types\/post"}],"author":[{"embeddable":true,"href":"https:\/\/www.opinionpublica.tv\/portada\/wp-json\/wp\/v2\/users\/1"}],"replies":[{"embeddable":true,"href":"https:\/\/www.opinionpublica.tv\/portada\/wp-json\/wp\/v2\/comments?post=3437"}],"version-history":[{"count":0,"href":"https:\/\/www.opinionpublica.tv\/portada\/wp-json\/wp\/v2\/posts\/3437\/revisions"}],"wp:featuredmedia":[{"embeddable":true,"href":"https:\/\/www.opinionpublica.tv\/portada\/wp-json\/wp\/v2\/media\/3436"}],"wp:attachment":[{"href":"https:\/\/www.opinionpublica.tv\/portada\/wp-json\/wp\/v2\/media?parent=3437"}],"wp:term":[{"taxonomy":"category","embeddable":true,"href":"https:\/\/www.opinionpublica.tv\/portada\/wp-json\/wp\/v2\/categories?post=3437"},{"taxonomy":"post_tag","embeddable":true,"href":"https:\/\/www.opinionpublica.tv\/portada\/wp-json\/wp\/v2\/tags?post=3437"}],"curies":[{"name":"wp","href":"https:\/\/api.w.org\/{rel}","templated":true}]}}