{"id":3431,"date":"2016-08-31T06:00:00","date_gmt":"2016-08-31T04:00:00","guid":{"rendered":"https:\/\/www.opinionpublica.tv\/portada\/2016\/08\/31\/senado-de-brasil-destituye-a-la-presidenta-dilma-rousseff\/"},"modified":"2016-08-31T06:00:00","modified_gmt":"2016-08-31T04:00:00","slug":"senado-de-brasil-destituye-a-la-presidenta-dilma-rousseff","status":"publish","type":"post","link":"https:\/\/www.opinionpublica.tv\/portada\/senado-de-brasil-destituye-a-la-presidenta-dilma-rousseff\/","title":{"rendered":"Senado de Brasil destituye a la presidenta Dilma Rousseff"},"content":{"rendered":"<p><img fetchpriority=\"high\" decoding=\"async\" class=\" size-full wp-image-3430\" src=\"https:\/\/www.opinionpublica.tv\/portada\/wp-content\/uploads\/2016\/08\/7a93221fba5bbc5da8f2ad532adb1720.jpg\" alt=\"\" width=\"571\" height=\"391\" srcset=\"https:\/\/www.opinionpublica.tv\/portada\/wp-content\/uploads\/2016\/08\/7a93221fba5bbc5da8f2ad532adb1720.jpg 571w, https:\/\/www.opinionpublica.tv\/portada\/wp-content\/uploads\/2016\/08\/7a93221fba5bbc5da8f2ad532adb1720-300x205.jpg 300w\" sizes=\"(max-width: 571px) 100vw, 571px\" \/><\/p>\n<p style=\"text-align: justify;\">El Senado vot\u00f3 a favor de destituir a la suspendida presidenta de Brasil Dilma Rousseff este mi\u00e9rcoles. Adem\u00e1s, la mandataria queda inhabilitada para ejercer cargos pol\u00edticos por 8 a\u00f1os.<br \/><span id=\"more-316972\"><\/span><\/p>\n<p style=\"text-align: justify;\">Rousseff enfrentaba un juicio pol\u00edtico por decretos que alteraron el presupuesto de la naci\u00f3n. Es acusada de modificar ilegalmente cuentas antes de su reelecci\u00f3n en 2014 para ocultar un d\u00e9ficit en el presupuesto y seguir financiando programas sociales populares.\u00a0<\/p>\n<p style=\"text-align: justify;\">\u00abNo he cometido ninguno de los delitos de los que se me acusa\u00bb, dijo Rousseff. \u00abS\u00e9 que ser\u00e9 juzgada, pero mi conciencia est\u00e1 tranquila. No tengo nada que esconder\u00bb.<\/p>\n<p style=\"text-align: justify;\">La acusaci\u00f3n deb\u00eda ser ratificada por 54 votos o dos tercios de la mayor\u00eda de 81 senadores.<\/p>\n<p style=\"text-align: justify;\">El Senado vot\u00f3 61 votos a 20.<\/p>\n<p style=\"text-align: justify;\">Rousseff ser\u00e1 destituida definitivamente y Michel Temer, quien ocupa la presidencia interina desde que la mandataria fue temporalmente apartada de sus funciones, la reemplazar\u00e1 hasta las elecciones generales de 2018.<\/p>\n<p style=\"text-align: justify;\">La mandataria suspendida ha calificado todo el proceso como un golpe de Estado t\u00e9cnico dirigido por pol\u00edticos implicados en una masiva investigaci\u00f3n sobre corrupci\u00f3n.<\/p>\n<p>Informaci\u00f3n de CNN<\/p>\n<div class=\"k2_video\"><iframe title=\"Senado destituye a Rousseff y confirma a Temer como presidente de Brasil\" width=\"800\" height=\"600\" src=\"https:\/\/www.youtube.com\/embed\/hgp8gMX7LX8?feature=oembed\" frameborder=\"0\" allow=\"accelerometer; autoplay; clipboard-write; encrypted-media; gyroscope; picture-in-picture; web-share\" referrerpolicy=\"strict-origin-when-cross-origin\" allowfullscreen><\/iframe>\n<\/div>\n","protected":false},"excerpt":{"rendered":"<p>El Senado vot\u00f3 a favor de destituir a la suspendida presidenta de Brasil Dilma Rousseff este mi\u00e9rcoles. Adem\u00e1s, la mandataria queda inhabilitada para ejercer cargos pol\u00edticos por 8 a\u00f1os. Rousseff enfrentaba un juicio pol\u00edtico por decretos que alteraron el presupuesto de la naci\u00f3n. Es acusada de modificar ilegalmente cuentas antes de su reelecci\u00f3n en 2014 [&hellip;]<\/p>\n","protected":false},"author":1,"featured_media":3430,"comment_status":"open","ping_status":"open","sticky":false,"template":"","format":"standard","meta":{"_acf_changed":false,"_monsterinsights_skip_tracking":false,"slim_seo":{"title":"Senado de Brasil destituye a la presidenta Dilma Rousseff - Opini\u00f3n P\u00fablica","description":"El Senado vot\u00f3 a favor de destituir a la suspendida presidenta de Brasil Dilma Rousseff este mi\u00e9rcoles. Adem\u00e1s, la mandataria queda inhabilitada para ejercer ca"},"footnotes":""},"categories":[11],"tags":[],"class_list":["post-3431","post","type-post","status-publish","format-standard","has-post-thumbnail","hentry","category-tendencias"],"acf":[],"_links":{"self":[{"href":"https:\/\/www.opinionpublica.tv\/portada\/wp-json\/wp\/v2\/posts\/3431","targetHints":{"allow":["GET"]}}],"collection":[{"href":"https:\/\/www.opinionpublica.tv\/portada\/wp-json\/wp\/v2\/posts"}],"about":[{"href":"https:\/\/www.opinionpublica.tv\/portada\/wp-json\/wp\/v2\/types\/post"}],"author":[{"embeddable":true,"href":"https:\/\/www.opinionpublica.tv\/portada\/wp-json\/wp\/v2\/users\/1"}],"replies":[{"embeddable":true,"href":"https:\/\/www.opinionpublica.tv\/portada\/wp-json\/wp\/v2\/comments?post=3431"}],"version-history":[{"count":0,"href":"https:\/\/www.opinionpublica.tv\/portada\/wp-json\/wp\/v2\/posts\/3431\/revisions"}],"wp:featuredmedia":[{"embeddable":true,"href":"https:\/\/www.opinionpublica.tv\/portada\/wp-json\/wp\/v2\/media\/3430"}],"wp:attachment":[{"href":"https:\/\/www.opinionpublica.tv\/portada\/wp-json\/wp\/v2\/media?parent=3431"}],"wp:term":[{"taxonomy":"category","embeddable":true,"href":"https:\/\/www.opinionpublica.tv\/portada\/wp-json\/wp\/v2\/categories?post=3431"},{"taxonomy":"post_tag","embeddable":true,"href":"https:\/\/www.opinionpublica.tv\/portada\/wp-json\/wp\/v2\/tags?post=3431"}],"curies":[{"name":"wp","href":"https:\/\/api.w.org\/{rel}","templated":true}]}}