{"id":3427,"date":"2016-08-31T06:00:00","date_gmt":"2016-08-31T04:00:00","guid":{"rendered":"https:\/\/www.opinionpublica.tv\/portada\/2016\/08\/31\/la-dicotomia-de-la-politica\/"},"modified":"2016-08-31T06:00:00","modified_gmt":"2016-08-31T04:00:00","slug":"la-dicotomia-de-la-politica","status":"publish","type":"post","link":"https:\/\/www.opinionpublica.tv\/portada\/la-dicotomia-de-la-politica\/","title":{"rendered":"La Dicotom\u00eda de la Pol\u00edtica"},"content":{"rendered":"<p style=\"text-align: justify;\">Decid\u00ed hace seis a\u00f1os retirarme de mi vida profesional para dedicarme a la pol\u00edtica, digo yo \u201chasta donde alcance\u201d. Lo hice despu\u00e9s de 38 a\u00f1os de vida profesional y 41 de practicar el derecho, desde que empec\u00e9 como pasante. Mi carrera profesional ha sido plena, apasionada, interesante, llena de retos y realizaciones. Realmente he sido feliz con la pr\u00e1ctica del derecho.<\/p>\n<p><!--more--><\/p>\n<p style=\"text-align: justify;\">Me fue muy bien econ\u00f3micamente, hice mi patrimonio. Junto con mi esposa que tambi\u00e9n es abogada, sacamos adelante a nuestras dos hijas. Una cuenta con un doctorado en derecho, por la Universidad de Loyola, en Chicago, la otra cuenta con una maestr\u00eda en derecho comparado, por la Universidad de Nueva York. En definitiva el derecho ha sido mi vida.<\/p>\n<p style=\"text-align: justify;\">\u00bfEntonces por qu\u00e9 me retir\u00e9 de la pr\u00e1ctica del derecho si tanto me ha gustado, y me contin\u00faa gustando? Porque hay algo m\u00e1s que me apasiona en la vida. Eso es la pol\u00edtica.<\/p>\n<p style=\"text-align: justify;\">Muchos de ustedes dir\u00e1n, m\u00e1s en estos tiempos de esc\u00e1ndalos de los pol\u00edticos con su corrupci\u00f3n rampante, con el gran desprestigio que tienen, por la gran devaluaci\u00f3n en la que se encuentra la pol\u00edtica, no nada m\u00e1s en M\u00e9xico, sino en la mayor\u00eda de los pa\u00edses del mundo. \u00bfC\u00f3mo es posible que una persona exitosa en su carrera profesional se retire de ella para meterse en pol\u00edtica, si la misma \u201ces tan sucia\u201d, en lugar de irse a descansar, a jugar golf, viajar por el mundo o ponerse a disfrutar la buena vida y de los nietos?<\/p>\n<p style=\"text-align: justify;\">Pues la respuesta es, de que aparte de que me gusta, considero que la pol\u00edtica es la labor m\u00e1s noble que un ser humano puede ejercer, siempre y cuando se haga con honradez, \u00e9tica, compromiso y responsabilidad.<\/p>\n<p style=\"text-align: justify;\">El motivo por lo cual afirmo lo anterior, es que la pol\u00edtica tiene como fin \u00faltimo, el generar lo que se conoce como el bien com\u00fan. Sin entrar en honduras filos\u00f3ficas, el bien com\u00fan, simplemente son la condiciones externas que permiten al ser humano tener un ambiente que sea propicio para que se desarrolle en su vida con dignidad, desplegando a plenitud sus talentos y ejerciendo su vocaci\u00f3n a plenitud. Desarrollar una familia, ejercer una profesi\u00f3n u oficio, desplegando talentos musicales o culturales, construyendo para su desarrollo personal y para el de los dem\u00e1s.<\/p>\n<p style=\"text-align: justify;\">Sin embargo, todos lo sabemos, que para que un pol\u00edtico pueda generar condiciones que lleven al bien com\u00fan, tiene que ejercer lo que conocemos como poder. Es decir, tiene que influir sobre los dem\u00e1s, para que se direccionen las cosas para que se creen esas condiciones que detonan al bien com\u00fan.<\/p>\n<p style=\"text-align: justify;\">Ahora bien, como el poder es un elemento esencial en la pol\u00edtica, debemos de tomar en consideraci\u00f3n que si se ejerce mal, de forma perversa, para que el pol\u00edtico genere condiciones de bienestar, no para los dem\u00e1s, sino para beneficio propio, de sus parientes y amigos y camarillas de personas que pertenecen al mismo grupo social, econ\u00f3mico o ideol\u00f3gico, entonces no est\u00e1 generando condiciones de bien com\u00fan para la sociedad, sino aprovech\u00e1ndose de su posici\u00f3n de poder. Esto, todo lo sabemos, puede generar situaciones de suma gravedad, como injusticias e inequidades, condiciones de desigualdad y de pobreza, y en los casos extremos crimen organizado, consecuci\u00f3n de toda clase de delitos, que llevan a las desapariciones, torturas, homicidios y genocidios.<\/p>\n<p style=\"text-align: justify;\">Desde que entr\u00e9 a la pol\u00edtica me ha tocado ver de todo, hipocres\u00edas, aprovechamiento de vulnerabilidades, traiciones, moches, componendas obscuras, decepciones y persecuciones. Hay muchas veces estr\u00e9s, incertidumbres, cosas inesperadas y situaciones francamente inc\u00f3modas.<\/p>\n<p style=\"text-align: justify;\">Muchas veces me pregunto, \u00bfvale la pena? Y mi respuesta siempre es: s\u00ed vale la pena. Porque la pol\u00edtica es necesaria, es el \u00fanico medio para que la sociedad se organice para generar esas condiciones que nos llevan al bien com\u00fan.<\/p>\n<p style=\"text-align: justify;\">Debemos de tomar en cuenta, que la \u201cmateria prima de la pol\u00edtica\u201d es el ser humano, con todas sus virtudes y defectos. Pero para mi el ser humano es lo m\u00e1s preciado de la creaci\u00f3n. Es lo m\u00e1s elevado que vemos en la naturaleza, y la pol\u00edtica trabaja con el ser humano y para el ser humano. Si no tenemos gente buena y comprometida metidos en esta noble labor, que contrarreste a las malas personas que se aprovechan del poder que se ejerce a trav\u00e9s de la pol\u00edtica, la humanidad quedar\u00eda condenada a la explotaci\u00f3n, a la esclavitud, a las injusticias y abuso de los tiranos, que violan matan y se aprovechan de la miseria de los hombres.<\/p>\n<p style=\"text-align: justify;\">Es por eso que al tener estos retos tan grandes que brinda la pol\u00edtica, cada vez me animo m\u00e1s a seguir viviendo para contribuir los pocos talentos que tengo, en beneficio del ser humano, en beneficio de mi comunidad para llegar al anhelado bien com\u00fan.<\/p>\n","protected":false},"excerpt":{"rendered":"<p>Decid\u00ed hace seis a\u00f1os retirarme de mi vida profesional para dedicarme a la pol\u00edtica, digo yo \u201chasta donde alcance\u201d. Lo hice despu\u00e9s de 38 a\u00f1os de vida profesional y 41 de practicar el derecho, desde que empec\u00e9 como pasante. Mi carrera profesional ha sido plena, apasionada, interesante, llena de retos y realizaciones. Realmente he sido [&hellip;]<\/p>\n","protected":false},"author":5,"featured_media":0,"comment_status":"open","ping_status":"open","sticky":false,"template":"","format":"standard","meta":{"_acf_changed":false,"_monsterinsights_skip_tracking":false,"slim_seo":{"title":"La Dicotom\u00eda de la Pol\u00edtica - Opini\u00f3n P\u00fablica","description":"Decid\u00ed hace seis a\u00f1os retirarme de mi vida profesional para dedicarme a la pol\u00edtica, digo yo \u201chasta donde alcance\u201d. Lo hice despu\u00e9s de 38 a\u00f1os de vida profesion"},"footnotes":""},"categories":[17],"tags":[],"class_list":["post-3427","post","type-post","status-publish","format-standard","hentry","category-ultima-instancia"],"acf":[],"_links":{"self":[{"href":"https:\/\/www.opinionpublica.tv\/portada\/wp-json\/wp\/v2\/posts\/3427","targetHints":{"allow":["GET"]}}],"collection":[{"href":"https:\/\/www.opinionpublica.tv\/portada\/wp-json\/wp\/v2\/posts"}],"about":[{"href":"https:\/\/www.opinionpublica.tv\/portada\/wp-json\/wp\/v2\/types\/post"}],"author":[{"embeddable":true,"href":"https:\/\/www.opinionpublica.tv\/portada\/wp-json\/wp\/v2\/users\/5"}],"replies":[{"embeddable":true,"href":"https:\/\/www.opinionpublica.tv\/portada\/wp-json\/wp\/v2\/comments?post=3427"}],"version-history":[{"count":0,"href":"https:\/\/www.opinionpublica.tv\/portada\/wp-json\/wp\/v2\/posts\/3427\/revisions"}],"wp:attachment":[{"href":"https:\/\/www.opinionpublica.tv\/portada\/wp-json\/wp\/v2\/media?parent=3427"}],"wp:term":[{"taxonomy":"category","embeddable":true,"href":"https:\/\/www.opinionpublica.tv\/portada\/wp-json\/wp\/v2\/categories?post=3427"},{"taxonomy":"post_tag","embeddable":true,"href":"https:\/\/www.opinionpublica.tv\/portada\/wp-json\/wp\/v2\/tags?post=3427"}],"curies":[{"name":"wp","href":"https:\/\/api.w.org\/{rel}","templated":true}]}}