{"id":3426,"date":"2016-08-31T06:00:00","date_gmt":"2016-08-31T04:00:00","guid":{"rendered":"https:\/\/www.opinionpublica.tv\/portada\/2016\/08\/31\/aumenta-precio-de-la-gasolina\/"},"modified":"2016-08-31T06:00:00","modified_gmt":"2016-08-31T04:00:00","slug":"aumenta-precio-de-la-gasolina","status":"publish","type":"post","link":"https:\/\/www.opinionpublica.tv\/portada\/aumenta-precio-de-la-gasolina\/","title":{"rendered":"Aumenta precio de la gasolina"},"content":{"rendered":"<p><img fetchpriority=\"high\" decoding=\"async\" class=\" size-full wp-image-3425\" src=\"https:\/\/www.opinionpublica.tv\/portada\/wp-content\/uploads\/2016\/08\/4fd575b03eae045941eb58c35ab6b353.jpg\" alt=\"\" width=\"665\" height=\"500\" srcset=\"https:\/\/www.opinionpublica.tv\/portada\/wp-content\/uploads\/2016\/08\/4fd575b03eae045941eb58c35ab6b353.jpg 665w, https:\/\/www.opinionpublica.tv\/portada\/wp-content\/uploads\/2016\/08\/4fd575b03eae045941eb58c35ab6b353-300x226.jpg 300w\" sizes=\"(max-width: 665px) 100vw, 665px\" \/><\/p>\n<p style=\"text-align: justify;\">A partir de este mi\u00e9rcoles\u00a0el precio de la gasolina Premium increment\u00f3 20 centavos, mientras que la Magna permanecer\u00e1 con el mismo precio.<\/p>\n<p style=\"text-align: justify;\">De acuerdo al Diario Oficial de la Federaci\u00f3n el costo de la Premium ser\u00e1 de 11.69 pesos por litro, 20 centavos m\u00e1s a comparaci\u00f3n de la semana pasada.<\/p>\n<p style=\"text-align: justify;\">La Magna permanecer\u00e1 en 9.71, precio que no sufre ninguna modificaci\u00f3n.<\/p>\n","protected":false},"excerpt":{"rendered":"<p>A partir de este mi\u00e9rcoles\u00a0el precio de la gasolina Premium increment\u00f3 20 centavos, mientras que la Magna permanecer\u00e1 con el mismo precio. De acuerdo al Diario Oficial de la Federaci\u00f3n el costo de la Premium ser\u00e1 de 11.69 pesos por litro, 20 centavos m\u00e1s a comparaci\u00f3n de la semana pasada. La Magna permanecer\u00e1 en 9.71, [&hellip;]<\/p>\n","protected":false},"author":1,"featured_media":3425,"comment_status":"open","ping_status":"open","sticky":false,"template":"","format":"standard","meta":{"_acf_changed":false,"_monsterinsights_skip_tracking":false,"slim_seo":{"title":"Aumenta precio de la gasolina - Opini\u00f3n P\u00fablica","description":"A partir de este mi\u00e9rcoles\u00a0el precio de la gasolina Premium increment\u00f3 20 centavos, mientras que la Magna permanecer\u00e1 con el mismo precio. De acuerdo al Diario"},"footnotes":""},"categories":[5],"tags":[],"class_list":["post-3426","post","type-post","status-publish","format-standard","has-post-thumbnail","hentry","category-frontera"],"acf":[],"_links":{"self":[{"href":"https:\/\/www.opinionpublica.tv\/portada\/wp-json\/wp\/v2\/posts\/3426","targetHints":{"allow":["GET"]}}],"collection":[{"href":"https:\/\/www.opinionpublica.tv\/portada\/wp-json\/wp\/v2\/posts"}],"about":[{"href":"https:\/\/www.opinionpublica.tv\/portada\/wp-json\/wp\/v2\/types\/post"}],"author":[{"embeddable":true,"href":"https:\/\/www.opinionpublica.tv\/portada\/wp-json\/wp\/v2\/users\/1"}],"replies":[{"embeddable":true,"href":"https:\/\/www.opinionpublica.tv\/portada\/wp-json\/wp\/v2\/comments?post=3426"}],"version-history":[{"count":0,"href":"https:\/\/www.opinionpublica.tv\/portada\/wp-json\/wp\/v2\/posts\/3426\/revisions"}],"wp:featuredmedia":[{"embeddable":true,"href":"https:\/\/www.opinionpublica.tv\/portada\/wp-json\/wp\/v2\/media\/3425"}],"wp:attachment":[{"href":"https:\/\/www.opinionpublica.tv\/portada\/wp-json\/wp\/v2\/media?parent=3426"}],"wp:term":[{"taxonomy":"category","embeddable":true,"href":"https:\/\/www.opinionpublica.tv\/portada\/wp-json\/wp\/v2\/categories?post=3426"},{"taxonomy":"post_tag","embeddable":true,"href":"https:\/\/www.opinionpublica.tv\/portada\/wp-json\/wp\/v2\/tags?post=3426"}],"curies":[{"name":"wp","href":"https:\/\/api.w.org\/{rel}","templated":true}]}}