{"id":3418,"date":"2016-08-31T06:00:00","date_gmt":"2016-08-31T04:00:00","guid":{"rendered":"https:\/\/www.opinionpublica.tv\/portada\/2016\/08\/31\/cierran-carretera-libre-a-juarez\/"},"modified":"2016-08-31T06:00:00","modified_gmt":"2016-08-31T04:00:00","slug":"cierran-carretera-libre-a-juarez","status":"publish","type":"post","link":"https:\/\/www.opinionpublica.tv\/portada\/cierran-carretera-libre-a-juarez\/","title":{"rendered":"Cierran carretera libre a Ju\u00e1rez"},"content":{"rendered":"<p><img fetchpriority=\"high\" decoding=\"async\" class=\" size-full wp-image-3417\" src=\"https:\/\/www.opinionpublica.tv\/portada\/wp-content\/uploads\/2016\/08\/3e90415866f70e86c9c79cbfa6d48a93.jpg\" alt=\"\" width=\"422\" height=\"263\" srcset=\"https:\/\/www.opinionpublica.tv\/portada\/wp-content\/uploads\/2016\/08\/3e90415866f70e86c9c79cbfa6d48a93.jpg 422w, https:\/\/www.opinionpublica.tv\/portada\/wp-content\/uploads\/2016\/08\/3e90415866f70e86c9c79cbfa6d48a93-300x187.jpg 300w\" sizes=\"(max-width: 422px) 100vw, 422px\" \/><\/p>\n<p style=\"text-align: justify;\">La carretera libere hacia Ju\u00e1rez fue cerrada por el derrame del R\u00edo Sacramento, seg\u00fan informaci\u00f3n proporcionada por la Polic\u00eda Federal.<\/p>\n<p style=\"text-align: justify;\">La Secretar\u00eda de Comunicaciones y Transportes (SCT) inform\u00f3 que hasta el momento solamente son algunos los cruces cerrados por las crecidas de arroyos en los kil\u00f3metros 5 y 12 de las Curvas del Perico.<\/p>\n<p style=\"text-align: justify;\">Tambien en el kil\u00f3metro 43 de la carretera a Chihuahua a Ju\u00e1rez hay riesgo y en un cruce del kil\u00f3metro 368 de Durango a Parral, seg\u00fan reporte de las autoridades correspondientes.<\/p>\n<p style=\"text-align: justify;\">Hasta el momento no se se\u00f1ala de da\u00f1os estructurales, solamente se tiene abanderado el lugar por Polic\u00eda Federal.<\/p>\n","protected":false},"excerpt":{"rendered":"<p>La carretera libere hacia Ju\u00e1rez fue cerrada por el derrame del R\u00edo Sacramento, seg\u00fan informaci\u00f3n proporcionada por la Polic\u00eda Federal. La Secretar\u00eda de Comunicaciones y Transportes (SCT) inform\u00f3 que hasta el momento solamente son algunos los cruces cerrados por las crecidas de arroyos en los kil\u00f3metros 5 y 12 de las Curvas del Perico. Tambien [&hellip;]<\/p>\n","protected":false},"author":1,"featured_media":3417,"comment_status":"open","ping_status":"open","sticky":false,"template":"","format":"standard","meta":{"_acf_changed":false,"_monsterinsights_skip_tracking":false,"slim_seo":{"title":"Cierran carretera libre a Ju\u00e1rez - Opini\u00f3n P\u00fablica","description":"La carretera libere hacia Ju\u00e1rez fue cerrada por el derrame del R\u00edo Sacramento, seg\u00fan informaci\u00f3n proporcionada por la Polic\u00eda Federal. La Secretar\u00eda de Comunic"},"footnotes":""},"categories":[4],"tags":[],"class_list":["post-3418","post","type-post","status-publish","format-standard","has-post-thumbnail","hentry","category-pulsopolitico"],"acf":[],"_links":{"self":[{"href":"https:\/\/www.opinionpublica.tv\/portada\/wp-json\/wp\/v2\/posts\/3418","targetHints":{"allow":["GET"]}}],"collection":[{"href":"https:\/\/www.opinionpublica.tv\/portada\/wp-json\/wp\/v2\/posts"}],"about":[{"href":"https:\/\/www.opinionpublica.tv\/portada\/wp-json\/wp\/v2\/types\/post"}],"author":[{"embeddable":true,"href":"https:\/\/www.opinionpublica.tv\/portada\/wp-json\/wp\/v2\/users\/1"}],"replies":[{"embeddable":true,"href":"https:\/\/www.opinionpublica.tv\/portada\/wp-json\/wp\/v2\/comments?post=3418"}],"version-history":[{"count":0,"href":"https:\/\/www.opinionpublica.tv\/portada\/wp-json\/wp\/v2\/posts\/3418\/revisions"}],"wp:featuredmedia":[{"embeddable":true,"href":"https:\/\/www.opinionpublica.tv\/portada\/wp-json\/wp\/v2\/media\/3417"}],"wp:attachment":[{"href":"https:\/\/www.opinionpublica.tv\/portada\/wp-json\/wp\/v2\/media?parent=3418"}],"wp:term":[{"taxonomy":"category","embeddable":true,"href":"https:\/\/www.opinionpublica.tv\/portada\/wp-json\/wp\/v2\/categories?post=3418"},{"taxonomy":"post_tag","embeddable":true,"href":"https:\/\/www.opinionpublica.tv\/portada\/wp-json\/wp\/v2\/tags?post=3418"}],"curies":[{"name":"wp","href":"https:\/\/api.w.org\/{rel}","templated":true}]}}