{"id":3416,"date":"2016-08-31T06:00:00","date_gmt":"2016-08-31T04:00:00","guid":{"rendered":"https:\/\/www.opinionpublica.tv\/portada\/2016\/08\/31\/steve-o-defiende-a-los-animales\/"},"modified":"2016-08-31T06:00:00","modified_gmt":"2016-08-31T04:00:00","slug":"steve-o-defiende-a-los-animales","status":"publish","type":"post","link":"https:\/\/www.opinionpublica.tv\/portada\/steve-o-defiende-a-los-animales\/","title":{"rendered":"Steve-O defiende a los animales"},"content":{"rendered":"<p><img fetchpriority=\"high\" decoding=\"async\" class=\" size-full wp-image-3415\" src=\"https:\/\/www.opinionpublica.tv\/portada\/wp-content\/uploads\/2016\/08\/df487827f26ffe8a07a9609e61989e46.jpg\" alt=\"\" width=\"494\" height=\"278\" srcset=\"https:\/\/www.opinionpublica.tv\/portada\/wp-content\/uploads\/2016\/08\/df487827f26ffe8a07a9609e61989e46.jpg 494w, https:\/\/www.opinionpublica.tv\/portada\/wp-content\/uploads\/2016\/08\/df487827f26ffe8a07a9609e61989e46-300x169.jpg 300w\" sizes=\"(max-width: 494px) 100vw, 494px\" \/><\/p>\n<p style=\"text-align: justify;\">El hombre conocido por ser un \u201cjackass\u201d concedi\u00f3 a PETA una entrevista llena de pasi\u00f3n. Steve-O habla acerca de su evoluci\u00f3n y lo que les dice a las personas sobre su activismo a favor de los animales.<\/p>\n<div class=\"k2_video\"><iframe title=\"Steve-O como nunca antes lo hab\u00edas visto\" width=\"800\" height=\"450\" src=\"https:\/\/www.youtube.com\/embed\/OO8Fq8WI9_s?feature=oembed\" frameborder=\"0\" allow=\"accelerometer; autoplay; clipboard-write; encrypted-media; gyroscope; picture-in-picture; web-share\" referrerpolicy=\"strict-origin-when-cross-origin\" allowfullscreen><\/iframe>\n<\/div>\n","protected":false},"excerpt":{"rendered":"<p>El hombre conocido por ser un \u201cjackass\u201d concedi\u00f3 a PETA una entrevista llena de pasi\u00f3n. Steve-O habla acerca de su evoluci\u00f3n y lo que les dice a las personas sobre su activismo a favor de los animales.<\/p>\n","protected":false},"author":1,"featured_media":3415,"comment_status":"open","ping_status":"open","sticky":false,"template":"","format":"standard","meta":{"_acf_changed":false,"_monsterinsights_skip_tracking":false,"slim_seo":{"title":"Steve-O defiende a los animales - Opini\u00f3n P\u00fablica","description":"El hombre conocido por ser un \u201cjackass\u201d concedi\u00f3 a PETA una entrevista llena de pasi\u00f3n. Steve-O habla acerca de su evoluci\u00f3n y lo que les dice a las personas so"},"footnotes":""},"categories":[13],"tags":[],"class_list":["post-3416","post","type-post","status-publish","format-standard","has-post-thumbnail","hentry","category-videos-destacados-contenido"],"acf":[],"_links":{"self":[{"href":"https:\/\/www.opinionpublica.tv\/portada\/wp-json\/wp\/v2\/posts\/3416","targetHints":{"allow":["GET"]}}],"collection":[{"href":"https:\/\/www.opinionpublica.tv\/portada\/wp-json\/wp\/v2\/posts"}],"about":[{"href":"https:\/\/www.opinionpublica.tv\/portada\/wp-json\/wp\/v2\/types\/post"}],"author":[{"embeddable":true,"href":"https:\/\/www.opinionpublica.tv\/portada\/wp-json\/wp\/v2\/users\/1"}],"replies":[{"embeddable":true,"href":"https:\/\/www.opinionpublica.tv\/portada\/wp-json\/wp\/v2\/comments?post=3416"}],"version-history":[{"count":0,"href":"https:\/\/www.opinionpublica.tv\/portada\/wp-json\/wp\/v2\/posts\/3416\/revisions"}],"wp:featuredmedia":[{"embeddable":true,"href":"https:\/\/www.opinionpublica.tv\/portada\/wp-json\/wp\/v2\/media\/3415"}],"wp:attachment":[{"href":"https:\/\/www.opinionpublica.tv\/portada\/wp-json\/wp\/v2\/media?parent=3416"}],"wp:term":[{"taxonomy":"category","embeddable":true,"href":"https:\/\/www.opinionpublica.tv\/portada\/wp-json\/wp\/v2\/categories?post=3416"},{"taxonomy":"post_tag","embeddable":true,"href":"https:\/\/www.opinionpublica.tv\/portada\/wp-json\/wp\/v2\/tags?post=3416"}],"curies":[{"name":"wp","href":"https:\/\/api.w.org\/{rel}","templated":true}]}}