{"id":3404,"date":"2016-08-31T06:00:00","date_gmt":"2016-08-31T04:00:00","guid":{"rendered":"https:\/\/www.opinionpublica.tv\/portada\/2016\/08\/31\/peinado-de-bob-ross-era-falso\/"},"modified":"2016-08-31T06:00:00","modified_gmt":"2016-08-31T04:00:00","slug":"peinado-de-bob-ross-era-falso","status":"publish","type":"post","link":"https:\/\/www.opinionpublica.tv\/portada\/peinado-de-bob-ross-era-falso\/","title":{"rendered":"Peinado de Bob Ross era falso"},"content":{"rendered":"<p><img fetchpriority=\"high\" decoding=\"async\" class=\" size-full wp-image-3403\" src=\"https:\/\/www.opinionpublica.tv\/portada\/wp-content\/uploads\/2016\/08\/8e869ab0bb0bde16a70da4314af857c4.jpg\" alt=\"\" width=\"428\" height=\"347\" srcset=\"https:\/\/www.opinionpublica.tv\/portada\/wp-content\/uploads\/2016\/08\/8e869ab0bb0bde16a70da4314af857c4.jpg 428w, https:\/\/www.opinionpublica.tv\/portada\/wp-content\/uploads\/2016\/08\/8e869ab0bb0bde16a70da4314af857c4-300x243.jpg 300w\" sizes=\"(max-width: 428px) 100vw, 428px\" \/><\/p>\n<p style=\"text-align: justify;\">El pintor Bob Ross es una de las figuras m\u00e1s ic\u00f3nicas de la televisi\u00f3n, en su show intentaba mostrar al p\u00fablico lo sencillo que era pintar.<\/p>\n<p style=\"text-align: justify;\">Entre sus caracter\u00edsticas m\u00e1s ic\u00f3nicas est\u00e1 su conocida frase de \u2018\u00e1rboles felices\u2019 y por supuesto su cabello afro que port\u00f3 en cada cap\u00edtulo de \u2018El Placer de Pintar\u2019.<\/p>\n<p style=\"text-align: justify;\">Sin embargo, ahora se revel\u00f3 que ese no era el cabello natural del pintor y que realmente no le gustaba usarlo as\u00ed.<\/p>\n<p style=\"text-align: justify;\">Antes de que pudiera cambiarlo, su permanente se convirti\u00f3 en el logo de la empresa. \u00c9l lo odiaba. Nunca podr\u00eda cambiar su cabello y eso le molestaba mucho. Se hart\u00f3 de ese cabello chino, revel\u00f3 en entrevista Annette Kowalksi a NPR, quien fuera su socia.<\/p>\n<p style=\"text-align: justify;\">Bob se someti\u00f3 a este proceso qu\u00edmico despu\u00e9s que sali\u00f3 del ej\u00e9rcito y lo hizo con la \u00fanica finalidad de ahorrar dinero; jam\u00e1s se imagin\u00f3 que tendr\u00eda que llevarlo por el resto de su vida.<\/p>\n<p style=\"text-align: justify;\">El pintor muri\u00f3 en 1995 a los 52 a\u00f1os por linfoma y fue Kowalksi la quien qued\u00f3 a cargo de la compa\u00f1\u00eda de arte y los 400 episodios que Ross film\u00f3.<\/p>\n<p>fbp<\/p>\n<div class=\"k2_video\"><iframe title=\"Bob Ross - A Walk in the Woods (Season 1 Episode 1)\" width=\"800\" height=\"600\" src=\"https:\/\/www.youtube.com\/embed\/oh5p5f5_-7A?feature=oembed\" frameborder=\"0\" allow=\"accelerometer; autoplay; clipboard-write; encrypted-media; gyroscope; picture-in-picture; web-share\" referrerpolicy=\"strict-origin-when-cross-origin\" allowfullscreen><\/iframe>\n<\/div>\n","protected":false},"excerpt":{"rendered":"<p>El pintor Bob Ross es una de las figuras m\u00e1s ic\u00f3nicas de la televisi\u00f3n, en su show intentaba mostrar al p\u00fablico lo sencillo que era pintar. Entre sus caracter\u00edsticas m\u00e1s ic\u00f3nicas est\u00e1 su conocida frase de \u2018\u00e1rboles felices\u2019 y por supuesto su cabello afro que port\u00f3 en cada cap\u00edtulo de \u2018El Placer de Pintar\u2019. Sin [&hellip;]<\/p>\n","protected":false},"author":1,"featured_media":3403,"comment_status":"open","ping_status":"open","sticky":false,"template":"","format":"standard","meta":{"_acf_changed":false,"_monsterinsights_skip_tracking":false,"slim_seo":{"title":"Peinado de Bob Ross era falso - Opini\u00f3n P\u00fablica","description":"El pintor Bob Ross es una de las figuras m\u00e1s ic\u00f3nicas de la televisi\u00f3n, en su show intentaba mostrar al p\u00fablico lo sencillo que era pintar. Entre sus caracter\u00eds"},"footnotes":""},"categories":[11],"tags":[],"class_list":["post-3404","post","type-post","status-publish","format-standard","has-post-thumbnail","hentry","category-tendencias"],"acf":[],"_links":{"self":[{"href":"https:\/\/www.opinionpublica.tv\/portada\/wp-json\/wp\/v2\/posts\/3404","targetHints":{"allow":["GET"]}}],"collection":[{"href":"https:\/\/www.opinionpublica.tv\/portada\/wp-json\/wp\/v2\/posts"}],"about":[{"href":"https:\/\/www.opinionpublica.tv\/portada\/wp-json\/wp\/v2\/types\/post"}],"author":[{"embeddable":true,"href":"https:\/\/www.opinionpublica.tv\/portada\/wp-json\/wp\/v2\/users\/1"}],"replies":[{"embeddable":true,"href":"https:\/\/www.opinionpublica.tv\/portada\/wp-json\/wp\/v2\/comments?post=3404"}],"version-history":[{"count":0,"href":"https:\/\/www.opinionpublica.tv\/portada\/wp-json\/wp\/v2\/posts\/3404\/revisions"}],"wp:featuredmedia":[{"embeddable":true,"href":"https:\/\/www.opinionpublica.tv\/portada\/wp-json\/wp\/v2\/media\/3403"}],"wp:attachment":[{"href":"https:\/\/www.opinionpublica.tv\/portada\/wp-json\/wp\/v2\/media?parent=3404"}],"wp:term":[{"taxonomy":"category","embeddable":true,"href":"https:\/\/www.opinionpublica.tv\/portada\/wp-json\/wp\/v2\/categories?post=3404"},{"taxonomy":"post_tag","embeddable":true,"href":"https:\/\/www.opinionpublica.tv\/portada\/wp-json\/wp\/v2\/tags?post=3404"}],"curies":[{"name":"wp","href":"https:\/\/api.w.org\/{rel}","templated":true}]}}