{"id":3400,"date":"2016-08-31T06:00:00","date_gmt":"2016-08-31T04:00:00","guid":{"rendered":"https:\/\/www.opinionpublica.tv\/portada\/2016\/08\/31\/reacciona-clinton-tras-el-anuncio-de-la-reunion-de-trump-con-epn\/"},"modified":"2016-08-31T06:00:00","modified_gmt":"2016-08-31T04:00:00","slug":"reacciona-clinton-tras-el-anuncio-de-la-reunion-de-trump-con-epn","status":"publish","type":"post","link":"https:\/\/www.opinionpublica.tv\/portada\/reacciona-clinton-tras-el-anuncio-de-la-reunion-de-trump-con-epn\/","title":{"rendered":"Reacciona Clinton tras el anuncio de la reuni\u00f3n de Trump con EPN"},"content":{"rendered":"<p><img fetchpriority=\"high\" decoding=\"async\" class=\" size-full wp-image-3399\" src=\"https:\/\/www.opinionpublica.tv\/portada\/wp-content\/uploads\/2016\/08\/c0bc8bf44cc3916479c94fd5e351f4bd.jpg\" alt=\"\" width=\"935\" height=\"527\" srcset=\"https:\/\/www.opinionpublica.tv\/portada\/wp-content\/uploads\/2016\/08\/c0bc8bf44cc3916479c94fd5e351f4bd.jpg 935w, https:\/\/www.opinionpublica.tv\/portada\/wp-content\/uploads\/2016\/08\/c0bc8bf44cc3916479c94fd5e351f4bd-300x169.jpg 300w, https:\/\/www.opinionpublica.tv\/portada\/wp-content\/uploads\/2016\/08\/c0bc8bf44cc3916479c94fd5e351f4bd-768x433.jpg 768w\" sizes=\"(max-width: 935px) 100vw, 935px\" \/><\/p>\n<p style=\"text-align: justify;\">Luego del anuncio de la\u00a0reuni\u00f3n que mantendr\u00e1 el presidente Enrique Pe\u00f1a Nieto con el aspirante republicano de Estados Unidos, Donald Trump, el tema gener\u00f3 una ola de reacciones en medios nacionales y del exterior.<span id=\"more-424399\"><\/span><\/p>\n<p style=\"text-align: justify;\">Pe\u00f1a Nieto envi\u00f3 una carta de acercamiento a Hillary Clinton candidata por el partido dem\u00f3crata a la presidencia de Estados Unidos y de igual forma a Donald Trump, aspirante republicano para abordar la relaci\u00f3n bilateral entre ambos pa\u00edses.<\/p>\n<p style=\"text-align: justify;\">Hillary Clinton tiene previsto dar un discurso en Cincinnati, Trump estar\u00e1 en Mexico conversando con un l\u00edder extranjero sobre asuntos de inter\u00e9s para Estados Unidos.<\/p>\n<p style=\"text-align: justify;\">\u201cDesde los primeros d\u00edas de su campa\u00f1a, Donald Trump ha pintado a los mexicanos como \u2018violadores\u2019 y los criminales\u201d, hizo referencia Clinton en su cuenta de Twitter.<\/p>\n<p style=\"text-align: justify;\">El candidato republicano a la vicepresidencia de Estados Unidos, Mike Pence, aplaudi\u00f3 hoy la decisi\u00f3n. \u201cLe doy mucho cr\u00e9dito al presidente de M\u00e9xico por haber extendido esta invitaci\u00f3n a las dos personas que buscan la presidencia (de Estados Unidos) en los dos partidos pol\u00edticos m\u00e1s grandes\u201d, afirm\u00f3 el tambi\u00e9n gobernador de Indiana en una entrevista con la cadena CNN.<\/p>\n<p style=\"text-align: justify;\">En el marco de su reuni\u00f3n con Pe\u00f1a Nieto, el diario The Washington Post deplora que el republicano cambie tanto sus planteamientos. La visita se produce despu\u00e9s de que Trump ha vacilado durante semanas si va a continuar manteniendo sus posiciones de l\u00ednea dura en el tema central y incendiaria de su campa\u00f1a, en particular, su llamado a deportar a un estimado de 11 millones de inmigrantes que viven en los Estados Unidos de manera ilegal .<\/p>\n<p>\u00a0<\/p>\n","protected":false},"excerpt":{"rendered":"<p>Luego del anuncio de la\u00a0reuni\u00f3n que mantendr\u00e1 el presidente Enrique Pe\u00f1a Nieto con el aspirante republicano de Estados Unidos, Donald Trump, el tema gener\u00f3 una ola de reacciones en medios nacionales y del exterior. Pe\u00f1a Nieto envi\u00f3 una carta de acercamiento a Hillary Clinton candidata por el partido dem\u00f3crata a la presidencia de Estados Unidos [&hellip;]<\/p>\n","protected":false},"author":1,"featured_media":3399,"comment_status":"open","ping_status":"open","sticky":false,"template":"","format":"standard","meta":{"_acf_changed":false,"_monsterinsights_skip_tracking":false,"slim_seo":{"title":"Reacciona Clinton tras el anuncio de la reuni\u00f3n de Trump con EPN - Opini\u00f3n P\u00fablica","description":"Luego del anuncio de la\u00a0reuni\u00f3n que mantendr\u00e1 el presidente Enrique Pe\u00f1a Nieto con el aspirante republicano de Estados Unidos, Donald Trump, el tema gener\u00f3 una"},"footnotes":""},"categories":[30],"tags":[],"class_list":["post-3400","post","type-post","status-publish","format-standard","has-post-thumbnail","hentry","category-elecciones-estados-unidos"],"acf":[],"_links":{"self":[{"href":"https:\/\/www.opinionpublica.tv\/portada\/wp-json\/wp\/v2\/posts\/3400","targetHints":{"allow":["GET"]}}],"collection":[{"href":"https:\/\/www.opinionpublica.tv\/portada\/wp-json\/wp\/v2\/posts"}],"about":[{"href":"https:\/\/www.opinionpublica.tv\/portada\/wp-json\/wp\/v2\/types\/post"}],"author":[{"embeddable":true,"href":"https:\/\/www.opinionpublica.tv\/portada\/wp-json\/wp\/v2\/users\/1"}],"replies":[{"embeddable":true,"href":"https:\/\/www.opinionpublica.tv\/portada\/wp-json\/wp\/v2\/comments?post=3400"}],"version-history":[{"count":0,"href":"https:\/\/www.opinionpublica.tv\/portada\/wp-json\/wp\/v2\/posts\/3400\/revisions"}],"wp:featuredmedia":[{"embeddable":true,"href":"https:\/\/www.opinionpublica.tv\/portada\/wp-json\/wp\/v2\/media\/3399"}],"wp:attachment":[{"href":"https:\/\/www.opinionpublica.tv\/portada\/wp-json\/wp\/v2\/media?parent=3400"}],"wp:term":[{"taxonomy":"category","embeddable":true,"href":"https:\/\/www.opinionpublica.tv\/portada\/wp-json\/wp\/v2\/categories?post=3400"},{"taxonomy":"post_tag","embeddable":true,"href":"https:\/\/www.opinionpublica.tv\/portada\/wp-json\/wp\/v2\/tags?post=3400"}],"curies":[{"name":"wp","href":"https:\/\/api.w.org\/{rel}","templated":true}]}}