{"id":3392,"date":"2016-08-31T06:00:00","date_gmt":"2016-08-31T04:00:00","guid":{"rendered":"https:\/\/www.opinionpublica.tv\/portada\/2016\/08\/31\/emilio-gamboa-pide-que-trump-se-disculpe-con-mexico\/"},"modified":"2016-08-31T06:00:00","modified_gmt":"2016-08-31T04:00:00","slug":"emilio-gamboa-pide-que-trump-se-disculpe-con-mexico","status":"publish","type":"post","link":"https:\/\/www.opinionpublica.tv\/portada\/emilio-gamboa-pide-que-trump-se-disculpe-con-mexico\/","title":{"rendered":"Emilio Gamboa pide que Trump se disculpe con M\u00e9xico"},"content":{"rendered":"<p><img fetchpriority=\"high\" decoding=\"async\" class=\" size-full wp-image-3391\" src=\"https:\/\/www.opinionpublica.tv\/portada\/wp-content\/uploads\/2016\/08\/8adaab906335a500d629a55f4f3ed11a.jpg\" alt=\"\" width=\"436\" height=\"332\" srcset=\"https:\/\/www.opinionpublica.tv\/portada\/wp-content\/uploads\/2016\/08\/8adaab906335a500d629a55f4f3ed11a.jpg 436w, https:\/\/www.opinionpublica.tv\/portada\/wp-content\/uploads\/2016\/08\/8adaab906335a500d629a55f4f3ed11a-300x228.jpg 300w\" sizes=\"(max-width: 436px) 100vw, 436px\" \/><\/p>\n<p style=\"text-align: justify;\">Donald Trump debe tener humildad y disculparse con los mexicanos, se\u00f1al\u00f3 Emilio Gamboa Patr\u00f3n, coordinador de los senadores del PRI.<span id=\"more-278565\"><\/span><\/p>\n<p style=\"text-align: justify;\">Para el l\u00edder del PRI en el Senado de la Rep\u00fablica, la reuni\u00f3n que sostendr\u00e1n este mi\u00e9rcoles el aspirante republicano a la presidencia de EU y el mandatario mexicano Enrique Pe\u00f1a Nieto servir\u00e1 para que Trump \u201cse d\u00e9 cuenta de lo que representa M\u00e9xico para los Estados Unidos\u201d.<\/p>\n<p style=\"text-align: justify;\">En entrevista para Radio F\u00f3rmula, Gamboa Patr\u00f3n consider\u00f3 que el presidente hizo bien en invitar al candidato republicano, ya que es obligaci\u00f3n de cualquier mandatario en turno tener \u201cuna relaci\u00f3n seria y respetuosa\u201d con quien pueda ser el nuevo responsable de la Casa Blanca, sea Trump o la dem\u00f3crata Hillary Clinton.<\/p>\n<p style=\"text-align: justify;\">Revel\u00f3 que el anuncio de la visita de Trump a M\u00e9xico le tom\u00f3 por sorpresa, ya que el tema no fue abordado durante la reuni\u00f3n plenaria de los legisladores tricolores, en la que estuvo la canciller Claudia Ruiz Massieu pero no mencion\u00f3 esa posibilidad.<\/p>\n<p style=\"text-align: justify;\">Informaci\u00f3n de Fornbes<\/p>\n","protected":false},"excerpt":{"rendered":"<p>Donald Trump debe tener humildad y disculparse con los mexicanos, se\u00f1al\u00f3 Emilio Gamboa Patr\u00f3n, coordinador de los senadores del PRI. Para el l\u00edder del PRI en el Senado de la Rep\u00fablica, la reuni\u00f3n que sostendr\u00e1n este mi\u00e9rcoles el aspirante republicano a la presidencia de EU y el mandatario mexicano Enrique Pe\u00f1a Nieto servir\u00e1 para que [&hellip;]<\/p>\n","protected":false},"author":1,"featured_media":3391,"comment_status":"open","ping_status":"open","sticky":false,"template":"","format":"standard","meta":{"_acf_changed":false,"_monsterinsights_skip_tracking":false,"slim_seo":{"title":"Emilio Gamboa pide que Trump se disculpe con M\u00e9xico - Opini\u00f3n P\u00fablica","description":"Donald Trump debe tener humildad y disculparse con los mexicanos, se\u00f1al\u00f3 Emilio Gamboa Patr\u00f3n, coordinador de los senadores del PRI. Para el l\u00edder del PRI en el"},"footnotes":""},"categories":[9],"tags":[],"class_list":["post-3392","post","type-post","status-publish","format-standard","has-post-thumbnail","hentry","category-nacional"],"acf":[],"_links":{"self":[{"href":"https:\/\/www.opinionpublica.tv\/portada\/wp-json\/wp\/v2\/posts\/3392","targetHints":{"allow":["GET"]}}],"collection":[{"href":"https:\/\/www.opinionpublica.tv\/portada\/wp-json\/wp\/v2\/posts"}],"about":[{"href":"https:\/\/www.opinionpublica.tv\/portada\/wp-json\/wp\/v2\/types\/post"}],"author":[{"embeddable":true,"href":"https:\/\/www.opinionpublica.tv\/portada\/wp-json\/wp\/v2\/users\/1"}],"replies":[{"embeddable":true,"href":"https:\/\/www.opinionpublica.tv\/portada\/wp-json\/wp\/v2\/comments?post=3392"}],"version-history":[{"count":0,"href":"https:\/\/www.opinionpublica.tv\/portada\/wp-json\/wp\/v2\/posts\/3392\/revisions"}],"wp:featuredmedia":[{"embeddable":true,"href":"https:\/\/www.opinionpublica.tv\/portada\/wp-json\/wp\/v2\/media\/3391"}],"wp:attachment":[{"href":"https:\/\/www.opinionpublica.tv\/portada\/wp-json\/wp\/v2\/media?parent=3392"}],"wp:term":[{"taxonomy":"category","embeddable":true,"href":"https:\/\/www.opinionpublica.tv\/portada\/wp-json\/wp\/v2\/categories?post=3392"},{"taxonomy":"post_tag","embeddable":true,"href":"https:\/\/www.opinionpublica.tv\/portada\/wp-json\/wp\/v2\/tags?post=3392"}],"curies":[{"name":"wp","href":"https:\/\/api.w.org\/{rel}","templated":true}]}}