{"id":3388,"date":"2016-08-31T06:00:00","date_gmt":"2016-08-31T04:00:00","guid":{"rendered":"https:\/\/www.opinionpublica.tv\/portada\/2016\/08\/31\/razones-de-epn-para-invitar-a-trump\/"},"modified":"2016-08-31T06:00:00","modified_gmt":"2016-08-31T04:00:00","slug":"razones-de-epn-para-invitar-a-trump","status":"publish","type":"post","link":"https:\/\/www.opinionpublica.tv\/portada\/razones-de-epn-para-invitar-a-trump\/","title":{"rendered":"Razones de EPN para invitar a Trump"},"content":{"rendered":"<p><img fetchpriority=\"high\" decoding=\"async\" class=\" size-full wp-image-3387\" src=\"https:\/\/www.opinionpublica.tv\/portada\/wp-content\/uploads\/2016\/08\/7a0fedcef13e85a941dc364a9cbe4e6e.jpg\" alt=\"\" width=\"836\" height=\"473\" srcset=\"https:\/\/www.opinionpublica.tv\/portada\/wp-content\/uploads\/2016\/08\/7a0fedcef13e85a941dc364a9cbe4e6e.jpg 836w, https:\/\/www.opinionpublica.tv\/portada\/wp-content\/uploads\/2016\/08\/7a0fedcef13e85a941dc364a9cbe4e6e-300x170.jpg 300w, https:\/\/www.opinionpublica.tv\/portada\/wp-content\/uploads\/2016\/08\/7a0fedcef13e85a941dc364a9cbe4e6e-768x435.jpg 768w\" sizes=\"(max-width: 836px) 100vw, 836px\" \/><\/p>\n<p style=\"text-align: justify;\">Para Andrew Selee, vicepresidente ejecutivo del Centro Internacional para Acad\u00e9micos Woodrow Wilson y experto en M\u00e9xico, la invitaci\u00f3n es una muestra de\u00a0pragmatismo del gobierno mexicano.<\/p>\n<p style=\"text-align: justify;\">\u00abCreo que el gobierno mexicano quiere establecer canales con quien quiera que vaya a ser el siguiente presidente de EE.UU., y Trump es un candidato leg\u00edtimo\u00bb, le dijo al diario estadounidense The New York Times.<\/p>\n<p style=\"text-align: justify;\">\u00abY desde la perspectiva pol\u00edtica, que Pe\u00f1a Nieto invite a Trump a M\u00e9xico demuestra que (el candidato republicano) ha sido forzado a modificar parte de su ret\u00f3rica y a tomar a M\u00e9xico m\u00e1s en serio\u00bb, a\u00f1adi\u00f3 el experto.<\/p>\n<p style=\"text-align: justify;\">Ese cambio de discurso podr\u00eda verse inmediatamente, ya que Trump tiene previsto dar un discurso en Phoenix, Arizona, a las 18:00 del mi\u00e9rcoles, hora local, sobre la pol\u00edtica migratoria.<\/p>\n<p style=\"text-align: justify;\">Y, en contra de lo que opina Selee,la opini\u00f3n p\u00fablica mayoritaria en M\u00e9xico ha recibido la noticia como un bajar la cabeza ante un hombre que lleva m\u00e1s de un a\u00f1o insultando gravemente al pa\u00eds.<\/p>\n<p style=\"text-align: justify;\">En su discurso de presentaci\u00f3n como candidato, por ejemplo, Trump asegur\u00f3 que el gobierno mexicano env\u00eda \u00abcriminales\u00bb y \u00abvioladores\u00bb a trav\u00e9s de la frontera con EE.UU., y prometi\u00f3 deportar a 16 millones de indocumentados.<\/p>\n<p style=\"text-align: justify;\">Y aunque en los \u00faltimos d\u00edas ha suavizado un poco su ret\u00f3rica, pocos esperan que est\u00e9 dispuesto a modificar radicalmente su discurso despu\u00e9s de entrevistarse con el presidente mexicano.<\/p>\n<h2 style=\"text-align: justify;\">Otra lectura, es que Pe\u00f1a Nieto cree que un encuentro con Trump puede ayudarle a mejorar la mala imagen que la mayor\u00eda de sus\u00a0conciudadanos tienen de \u00e9l.<\/h2>\n<p style=\"text-align: justify;\">Seg\u00fan esa lectura, Pe\u00f1a Nieto habr\u00eda invitado a Trump para enfrentarlo y sacar una rectificaci\u00f3n de \u00e9l, para apuntarse un punto por \u00abdomar a la fiera\u00bb.<\/p>\n<p style=\"text-align: justify;\">Eso es, precisamente, lo que muchos le piden desde las redes sociales.<\/p>\n<p style=\"text-align: justify;\">\u00abEscuche Donald Trump, nosotros los mexicanos esperamos unas disculpas por llamarnos criminales y violadores\u00bb, reclamaba por ejemplo el escritor Enrique Krauze, dirigi\u00e9ndose al propio Trump.<\/p>\n<p style=\"text-align: justify;\">\u00abPara Trump este es un acto de campa\u00f1a, (un) golpe propagand\u00edstico. Para EPN (Enrique Pe\u00f1a Nieto) es la apuesta m\u00e1s arriesgada de su sexenio\u00bb, aseguraba en Twitter Gabriel Guerra, columnista y miembro fundador del Consejo Mexicano de Asuntos Internacionales (COMEXI).<\/p>\n<p style=\"text-align: justify;\">Informaci\u00f3n de CNN<\/p>\n","protected":false},"excerpt":{"rendered":"<p>Para Andrew Selee, vicepresidente ejecutivo del Centro Internacional para Acad\u00e9micos Woodrow Wilson y experto en M\u00e9xico, la invitaci\u00f3n es una muestra de\u00a0pragmatismo del gobierno mexicano. \u00abCreo que el gobierno mexicano quiere establecer canales con quien quiera que vaya a ser el siguiente presidente de EE.UU., y Trump es un candidato leg\u00edtimo\u00bb, le dijo al diario [&hellip;]<\/p>\n","protected":false},"author":1,"featured_media":3387,"comment_status":"open","ping_status":"open","sticky":false,"template":"","format":"standard","meta":{"_acf_changed":false,"_monsterinsights_skip_tracking":false,"slim_seo":{"title":"Razones de EPN para invitar a Trump - Opini\u00f3n P\u00fablica","description":"Para Andrew Selee, vicepresidente ejecutivo del Centro Internacional para Acad\u00e9micos Woodrow Wilson y experto en M\u00e9xico, la invitaci\u00f3n es una muestra de\u00a0pragmat"},"footnotes":""},"categories":[3],"tags":[],"class_list":["post-3388","post","type-post","status-publish","format-standard","has-post-thumbnail","hentry","category-principal"],"acf":[],"_links":{"self":[{"href":"https:\/\/www.opinionpublica.tv\/portada\/wp-json\/wp\/v2\/posts\/3388","targetHints":{"allow":["GET"]}}],"collection":[{"href":"https:\/\/www.opinionpublica.tv\/portada\/wp-json\/wp\/v2\/posts"}],"about":[{"href":"https:\/\/www.opinionpublica.tv\/portada\/wp-json\/wp\/v2\/types\/post"}],"author":[{"embeddable":true,"href":"https:\/\/www.opinionpublica.tv\/portada\/wp-json\/wp\/v2\/users\/1"}],"replies":[{"embeddable":true,"href":"https:\/\/www.opinionpublica.tv\/portada\/wp-json\/wp\/v2\/comments?post=3388"}],"version-history":[{"count":0,"href":"https:\/\/www.opinionpublica.tv\/portada\/wp-json\/wp\/v2\/posts\/3388\/revisions"}],"wp:featuredmedia":[{"embeddable":true,"href":"https:\/\/www.opinionpublica.tv\/portada\/wp-json\/wp\/v2\/media\/3387"}],"wp:attachment":[{"href":"https:\/\/www.opinionpublica.tv\/portada\/wp-json\/wp\/v2\/media?parent=3388"}],"wp:term":[{"taxonomy":"category","embeddable":true,"href":"https:\/\/www.opinionpublica.tv\/portada\/wp-json\/wp\/v2\/categories?post=3388"},{"taxonomy":"post_tag","embeddable":true,"href":"https:\/\/www.opinionpublica.tv\/portada\/wp-json\/wp\/v2\/tags?post=3388"}],"curies":[{"name":"wp","href":"https:\/\/api.w.org\/{rel}","templated":true}]}}