{"id":33817,"date":"2023-03-31T07:00:00","date_gmt":"2023-03-31T05:00:00","guid":{"rendered":"https:\/\/www.opinionpublica.tv\/portada\/2023\/03\/31\/indignados\/"},"modified":"2023-03-31T07:00:00","modified_gmt":"2023-03-31T05:00:00","slug":"indignados","status":"publish","type":"post","link":"https:\/\/www.opinionpublica.tv\/portada\/indignados\/","title":{"rendered":"Indignados"},"content":{"rendered":"<img fetchpriority=\"high\" decoding=\"async\" class=\" size-full wp-image-33816\" src=\"https:\/\/www.opinionpublica.tv\/portada\/wp-content\/uploads\/2023\/03\/04c2040deffc3cdbbdcbf490836b4b0d.jpg\" alt=\"\" class=\"caption\" title=\"Myrna Alicia Pastrana Sol\u00eds.\" width=\"277\" height=\"270\" \/>\n<p style=\"text-align: justify;\">La muerte fue esperada y hasta entendida cuando asistimos al fallecimiento de un sinn\u00famero de amigos o parientes cercanos a causa de la reciente pandemia, pero en otras circunstancias, toma por sorpresa a personas que casi aseguraban ver el d\u00eda siguiente. Eso les sucedi\u00f3 a los migrantes que fallecieron en el incendio del pasado lunes 27 de marzo en Ciudad Ju\u00e1rez, Chihuahua.<\/p>\n<p><!--more--><\/p>\n<p style=\"text-align: justify;\">Frontera con El Paso, Texas, Ciudad Ju\u00e1rez est\u00e1 muy lejos de todo el mundo, pero muy cerca cuando se trata de opinar sobre sus problemas, tr\u00e1tese de mujeres asesinadas, motines en el CERESO o disturbios de los migrantes.<\/p>\n<p style=\"text-align: justify;\">\u00c9ste \u00faltimo salt\u00f3 a la palestra para ocupar las primeras planas de los noticieros nacionales e internacionales cuando un grupo de migrantes encerrados con candado en las instalaciones del Instituto Nacional de Migraci\u00f3n, molestos por una incierta disposici\u00f3n de repatriaci\u00f3n a sus pa\u00edses de origen, decidieron quemar las colchonetas en el lugar donde estaban confinados. Lo funesto fue que no hubo llave del candado que les permitiera salir.<\/p>\n<p style=\"text-align: justify;\">El video muestra a dos hombres que se percatan del fuego y se alejan del lugar; minutos despu\u00e9s llegaron los bomberos, las ambulancias auxiliaron a los sobrevivientes y el SEMEFO se encarg\u00f3 de los 39 cuerpos hasta este momento, para practicarles la necropsia de ley.<\/p>\n<p style=\"text-align: justify;\">Los hechos entristecen, dejan sin aliento y en los distintos c\u00edrculos de opini\u00f3n se preguntan \u00bfc\u00f3mo se pueden morir 39 personas as\u00ed de f\u00e1cil? Lo siguiente ha sido el deslinde de responsabilidades y absolutamente todos bajo un manto de indignaci\u00f3n.<\/p>\n<p style=\"text-align: justify;\">Se indigna el secretario y le echa la culpa al otro, \u2014yo no fui, fue tet\u00e9\u2014, los presidentes de pa\u00edses centroamericanos lamentan la muerte de sus paisanos. Indignados se manifiestan l\u00edderes de opini\u00f3n en algunos medios de comunicaci\u00f3n y el hecho no es para menos, aunque la desgracia sea solamente la cara visible de un problema may\u00fasculo.<\/p>\n<p style=\"text-align: justify;\">Los indignados no recuerdan o ignoran que una gran parte de los migrantes son rehenes de las bandas que los conducen hasta las fronteras mediante ingentes sumas de dinero y a su arribo, son encerrados en casas de seguridad hasta que les quitan el \u00faltimo centavo. Los que llegan por su cuenta, no corren con mejor suerte, deambulan por la ciudad y pernoctan a la vera del r\u00edo Bravo, justo en la l\u00ednea divisoria internacional o en casas abandonadas y maltrechas, se les ve tocando puertas pidiendo algo de comer, tambi\u00e9n parados en los cruceros, estirando la mano o limpiando vidrios, en suma, viviendo de la caridad p\u00fablica.<\/p>\n<p style=\"text-align: justify;\">El problema es complejo, se buscan culpables y se olvida que las pol\u00edticas migratorias son la resultante de los acuerdos entre los gobiernos de ambos pa\u00edses y en el caso de M\u00e9xico-Estados Unidos, a la fecha no se ha visto en la pr\u00e1ctica, el apoyo econ\u00f3mico que se requiere para recibir en condiciones humanitarias a quienes logran internarse en el vecino pa\u00eds y son expulsados a M\u00e9xico.<\/p>\n<p style=\"text-align: justify;\">Pese a todo, durante el 2022 en Ciudad Ju\u00e1rez, una frontera enclavada en el desierto con mill\u00f3n y medio de habitantes y con los mantos acu\u00edferos a punto del agotamiento, llegaron poco menos de un mill\u00f3n de migrantes pero en la medida de las posibilidades, y con la confluencia de los gobiernos federal y municipal se les atendi\u00f3, en ello tambi\u00e9n jugaron su labor de auxilio las organizaciones evang\u00e9licas y cat\u00f3licas.<\/p>\n<p style=\"text-align: justify;\">M\u00e1s all\u00e1 de toda indignaci\u00f3n, cuanto bien les har\u00eda a los migrantes y a las autoridades en materia migratoria, entender el tipo de sociedades trashumantes que llegan a pie, escondidos en carros del ferrocarril o en cajas de tr\u00e1ileres. Individuos que en ocasiones no tienen el espa\u00f1ol como su idioma primario, familias mono parentales, es decir, compuesta por una madre y un ni\u00f1o y casi nula educaci\u00f3n primaria en una suerte de discapacidad social.<\/p>\n<p style=\"text-align: justify;\">Entenderlos es el primer paso, el reto entonces es ofrecer alternativas, dise\u00f1ar programas, regularizar su situaci\u00f3n en la medida de lo posible, agilizar los tr\u00e1mites para que puedan trabajar en nuestro pa\u00eds mientras llega la oportunidad de que crucen la l\u00ednea fronteriza y cumplan el sue\u00f1o americano.<\/p>\n","protected":false},"excerpt":{"rendered":"<p>La muerte fue esperada y hasta entendida cuando asistimos al fallecimiento de un sinn\u00famero de amigos o parientes cercanos a causa de la reciente pandemia, pero en otras circunstancias, toma por sorpresa a personas que casi aseguraban ver el d\u00eda siguiente. Eso les sucedi\u00f3 a los migrantes que fallecieron en el incendio del pasado lunes [&hellip;]<\/p>\n","protected":false},"author":6,"featured_media":33816,"comment_status":"open","ping_status":"open","sticky":false,"template":"","format":"standard","meta":{"_acf_changed":false,"_monsterinsights_skip_tracking":false,"slim_seo":{"title":"Indignados - Opini\u00f3n P\u00fablica","description":"La muerte fue esperada y hasta entendida cuando asistimos al fallecimiento de un sinn\u00famero de amigos o parientes cercanos a causa de la reciente pandemia, pero"},"footnotes":""},"categories":[36],"tags":[],"class_list":["post-33817","post","type-post","status-publish","format-standard","has-post-thumbnail","hentry","category-pensandola-bien"],"acf":[],"_links":{"self":[{"href":"https:\/\/www.opinionpublica.tv\/portada\/wp-json\/wp\/v2\/posts\/33817","targetHints":{"allow":["GET"]}}],"collection":[{"href":"https:\/\/www.opinionpublica.tv\/portada\/wp-json\/wp\/v2\/posts"}],"about":[{"href":"https:\/\/www.opinionpublica.tv\/portada\/wp-json\/wp\/v2\/types\/post"}],"author":[{"embeddable":true,"href":"https:\/\/www.opinionpublica.tv\/portada\/wp-json\/wp\/v2\/users\/6"}],"replies":[{"embeddable":true,"href":"https:\/\/www.opinionpublica.tv\/portada\/wp-json\/wp\/v2\/comments?post=33817"}],"version-history":[{"count":0,"href":"https:\/\/www.opinionpublica.tv\/portada\/wp-json\/wp\/v2\/posts\/33817\/revisions"}],"wp:featuredmedia":[{"embeddable":true,"href":"https:\/\/www.opinionpublica.tv\/portada\/wp-json\/wp\/v2\/media\/33816"}],"wp:attachment":[{"href":"https:\/\/www.opinionpublica.tv\/portada\/wp-json\/wp\/v2\/media?parent=33817"}],"wp:term":[{"taxonomy":"category","embeddable":true,"href":"https:\/\/www.opinionpublica.tv\/portada\/wp-json\/wp\/v2\/categories?post=33817"},{"taxonomy":"post_tag","embeddable":true,"href":"https:\/\/www.opinionpublica.tv\/portada\/wp-json\/wp\/v2\/tags?post=33817"}],"curies":[{"name":"wp","href":"https:\/\/api.w.org\/{rel}","templated":true}]}}