{"id":33595,"date":"2023-03-17T07:00:00","date_gmt":"2023-03-17T06:00:00","guid":{"rendered":"https:\/\/www.opinionpublica.tv\/portada\/2023\/03\/17\/expochihuahua-entre-los-10-mejores-recintos-del-pais-celebra-su-25-aniversario\/"},"modified":"2023-03-17T07:00:00","modified_gmt":"2023-03-17T06:00:00","slug":"expochihuahua-entre-los-10-mejores-recintos-del-pais-celebra-su-25-aniversario","status":"publish","type":"post","link":"https:\/\/www.opinionpublica.tv\/portada\/expochihuahua-entre-los-10-mejores-recintos-del-pais-celebra-su-25-aniversario\/","title":{"rendered":"ExpoChihuahua entre los 10 mejores recintos del pa\u00eds; celebra su 25 aniversario"},"content":{"rendered":"<p><img fetchpriority=\"high\" decoding=\"async\" class=\" size-full wp-image-33594\" src=\"https:\/\/www.opinionpublica.tv\/portada\/wp-content\/uploads\/2023\/03\/7d0ab6a8f5c3b02d19b2679ad93dfc37.jpg\" alt=\"\" class=\"caption\" title=\"La gobernadora Maru Campos encabez\u00f3 los festejos de ExpoChihuahua en su 25 aniversario\" width=\"1600\" height=\"1066\" srcset=\"https:\/\/www.opinionpublica.tv\/portada\/wp-content\/uploads\/2023\/03\/7d0ab6a8f5c3b02d19b2679ad93dfc37.jpg 1600w, https:\/\/www.opinionpublica.tv\/portada\/wp-content\/uploads\/2023\/03\/7d0ab6a8f5c3b02d19b2679ad93dfc37-300x200.jpg 300w, https:\/\/www.opinionpublica.tv\/portada\/wp-content\/uploads\/2023\/03\/7d0ab6a8f5c3b02d19b2679ad93dfc37-1024x682.jpg 1024w, https:\/\/www.opinionpublica.tv\/portada\/wp-content\/uploads\/2023\/03\/7d0ab6a8f5c3b02d19b2679ad93dfc37-768x512.jpg 768w, https:\/\/www.opinionpublica.tv\/portada\/wp-content\/uploads\/2023\/03\/7d0ab6a8f5c3b02d19b2679ad93dfc37-1536x1023.jpg 1536w\" sizes=\"(max-width: 1600px) 100vw, 1600px\" \/><br \/>\n<!--more--><\/p>\n<p style=\"text-align: justify;\"><em>Chihuahua, Chih<\/em>.- \u00abGracias a su importancia y prestigio, la Asociaci\u00f3n Mexicana de Recintos de Eventos y Ferias ha posicionado el Centro de Convenciones y Exposiciones como uno de los 10 lugares m\u00e1s importantes del pa\u00eds\u201d, expres\u00f3 la gobernadora Maru Campos al encabezar el evento denominado \u201cSilver Party\u201d en Conmemoraci\u00f3n del 25 Aniversario de ExpoChihuahua.<\/p>\n<p style=\"text-align: justify;\">El acto se realiz\u00f3 en las propias instalaciones del recinto de exhibiciones, donde la titular del Ejecutivo anunci\u00f3 que actualmente se analiza la posibilidad de reformar el Fideicomiso ExpoChihuahua para que se permita ampliar los alcances del Centro y hacer posible la construcci\u00f3n de infraestructura de car\u00e1cter hotelero y comercial.<\/p>\n<p style=\"text-align: justify;\">\u201cExpoCihuahua ha sido parte de la vida de miles de chihuahuenses, ha crecido y se ha desarrollado junto con la industria y la infraestructura de la Capital, pero como toda gran innovaci\u00f3n que deja huella, esta gran iniciativa no se dio de la noche a la ma\u00f1ana, fue un trabajo de mucha generosidad, esfuerzo, sacrificio por reconocidos l\u00edderes del sector productivo del estado\u201d, asever\u00f3 la Gobernadora.<\/p>\n<p style=\"text-align: justify;\">La mandataria estatal dijo que este Centro es resultado del esfuerzo y la voluntad de trabajo de los gobiernos en turno, de la sociedad civil organizada, pero sobre todo de empresarios chihuahuenses que entendieron en su momento la necesidad de contar con este espacio.<\/p>\n<p style=\"text-align: justify;\">Enfatiz\u00f3 que esto es m\u00e1s que un recinto, porque aqu\u00ed se han firmado convenios para el desarrollo de la entidad, se logrado unir voluntades de muchos para avanzar en causas en com\u00fan, se informa a la sociedad chihuahuenses del trabajo de los tres poderes y de los diversos \u00f3rdenes de Gobierno.<\/p>\n<p style=\"text-align: justify;\">Asistieron al evento el presidente del Consejo del Centro de Exposiciones, Hugo Molina; secretario de Turismo, Edibray G\u00f3mez Gallegos; el alcalde de Chihuahua, Marco Bonilla Mendoza, y el ex gobernador Patricio Mart\u00ednez Garc\u00eda, entre otras personalidades.<\/p>\n","protected":false},"excerpt":{"rendered":"","protected":false},"author":6,"featured_media":33594,"comment_status":"open","ping_status":"open","sticky":false,"template":"","format":"standard","meta":{"_acf_changed":false,"_monsterinsights_skip_tracking":false,"slim_seo":{"title":"ExpoChihuahua entre los 10 mejores recintos del pa\u00eds; celebra su 25 aniversario - Opini\u00f3n P\u00fablica","description":"Chihuahua, Chih .- \"Gracias a su importancia y prestigio, la Asociaci\u00f3n Mexicana de Recintos de Eventos y Ferias ha posicionado el Centro de Convenciones y Expo"},"footnotes":""},"categories":[11],"tags":[],"class_list":["post-33595","post","type-post","status-publish","format-standard","has-post-thumbnail","hentry","category-tendencias"],"acf":[],"_links":{"self":[{"href":"https:\/\/www.opinionpublica.tv\/portada\/wp-json\/wp\/v2\/posts\/33595","targetHints":{"allow":["GET"]}}],"collection":[{"href":"https:\/\/www.opinionpublica.tv\/portada\/wp-json\/wp\/v2\/posts"}],"about":[{"href":"https:\/\/www.opinionpublica.tv\/portada\/wp-json\/wp\/v2\/types\/post"}],"author":[{"embeddable":true,"href":"https:\/\/www.opinionpublica.tv\/portada\/wp-json\/wp\/v2\/users\/6"}],"replies":[{"embeddable":true,"href":"https:\/\/www.opinionpublica.tv\/portada\/wp-json\/wp\/v2\/comments?post=33595"}],"version-history":[{"count":0,"href":"https:\/\/www.opinionpublica.tv\/portada\/wp-json\/wp\/v2\/posts\/33595\/revisions"}],"wp:featuredmedia":[{"embeddable":true,"href":"https:\/\/www.opinionpublica.tv\/portada\/wp-json\/wp\/v2\/media\/33594"}],"wp:attachment":[{"href":"https:\/\/www.opinionpublica.tv\/portada\/wp-json\/wp\/v2\/media?parent=33595"}],"wp:term":[{"taxonomy":"category","embeddable":true,"href":"https:\/\/www.opinionpublica.tv\/portada\/wp-json\/wp\/v2\/categories?post=33595"},{"taxonomy":"post_tag","embeddable":true,"href":"https:\/\/www.opinionpublica.tv\/portada\/wp-json\/wp\/v2\/tags?post=33595"}],"curies":[{"name":"wp","href":"https:\/\/api.w.org\/{rel}","templated":true}]}}