{"id":33315,"date":"2023-02-28T07:00:00","date_gmt":"2023-02-28T06:00:00","guid":{"rendered":"https:\/\/www.opinionpublica.tv\/portada\/2023\/02\/28\/arranca-ciclo-agricola-2023-en-chihuahua-abre-maru-valvulas-de-la-boquilla\/"},"modified":"2023-02-28T07:00:00","modified_gmt":"2023-02-28T06:00:00","slug":"arranca-ciclo-agricola-2023-en-chihuahua-abre-maru-valvulas-de-la-boquilla","status":"publish","type":"post","link":"https:\/\/www.opinionpublica.tv\/portada\/arranca-ciclo-agricola-2023-en-chihuahua-abre-maru-valvulas-de-la-boquilla\/","title":{"rendered":"Arranca ciclo agr\u00edcola 2023 en Chihuahua; abre Maru v\u00e1lvulas de la Boquilla"},"content":{"rendered":"<p><img fetchpriority=\"high\" decoding=\"async\" class=\" size-full wp-image-33314\" src=\"https:\/\/www.opinionpublica.tv\/portada\/wp-content\/uploads\/2023\/02\/2c3cc5800ebbeb5266f253ac2e1dc026.jpg\" alt=\"\" class=\"caption\" title=\"La Boquilla fue abierta este martes y el agua comenz\u00f3 a fluir por el canal principal Conchos.\" width=\"720\" height=\"480\" srcset=\"https:\/\/www.opinionpublica.tv\/portada\/wp-content\/uploads\/2023\/02\/2c3cc5800ebbeb5266f253ac2e1dc026.jpg 720w, https:\/\/www.opinionpublica.tv\/portada\/wp-content\/uploads\/2023\/02\/2c3cc5800ebbeb5266f253ac2e1dc026-300x200.jpg 300w\" sizes=\"(max-width: 720px) 100vw, 720px\" \/><br \/>\n<!--more--><\/p>\n<p style=\"text-align: justify;\"><em>San Francisco de Conchos, Chih<\/em>.- Este martes arranc\u00f3 el ciclo agr\u00edcola primavera- verano con la apertura de las dos v\u00e1lvulas de la presa La Boquilla, evento encabezado por la gobernadora Mar\u00eda Eugenia Campos Galv\u00e1n.<\/p>\n<p style=\"text-align: justify;\">Enclavada en el municipio de San Francisco de Conchos, la Boquilla fue abierta siete minutos antes de las 12:00 del d\u00eda, con lo que el agua comenzar\u00e1 a fluir por el canal principal Conchos y luego por los canales laterales, para as\u00ed dar vida a las siembras de esta temporada.<\/p>\n<p style=\"text-align: justify;\">El acto reuni\u00f3 a decenas de agricultores y a los alcaldes de San Francisco de Conchos, Camargo, La Cruz, Saucillo, Delicias, Rosales, Meoqui y Julimes, as\u00ed como a diputados locales y federales.<\/p>\n<p style=\"text-align: justify;\">Antes de la apertura de las v\u00e1lvulas, se tuvo una misa en la que se pidi\u00f3 por la unidad del pueblo y las lluvias para tener un buen ciclo agr\u00edcola.<\/p>\n<p style=\"text-align: justify;\">Jos\u00e9 \u00c1ngel F\u00e9lix S\u00e1nchez, director local de la Comisi\u00f3n Nacional del Agua, se\u00f1al\u00f3 que este a\u00f1o se regar\u00e1n 93 mil hect\u00e1reas de cultivos en la regi\u00f3n del Conchos, donde se ubican los distritos de riego 113 y 005, recordando que las presas se recuperaron en su almacenamiento gracias al Monz\u00f3n Mexicano, el cual trajo lluvias el verano del a\u00f1o pasado.<\/p>\n<p style=\"text-align: justify;\">Posteriormente, la gobernadora Mar\u00eda Eugenia Campos Galv\u00e1n dirigi\u00f3 su mensaje, en el cual destac\u00f3 el temple de los chihuahuenses y refrend\u00f3 su apoyo a los productores agr\u00edcolas, al tiempo que abri\u00f3 las v\u00e1lvulas de la Boquilla de manera simb\u00f3lica. (OEM)<\/p>\n","protected":false},"excerpt":{"rendered":"","protected":false},"author":6,"featured_media":33314,"comment_status":"open","ping_status":"open","sticky":false,"template":"","format":"standard","meta":{"_acf_changed":false,"_monsterinsights_skip_tracking":false,"slim_seo":{"title":"Arranca ciclo agr\u00edcola 2023 en Chihuahua; abre Maru v\u00e1lvulas de la Boquilla - Opini\u00f3n P\u00fablica","description":"San Francisco de Conchos, Chih .- Este martes arranc\u00f3 el ciclo agr\u00edcola primavera- verano con la apertura de las dos v\u00e1lvulas de la presa La Boquilla, evento en"},"footnotes":""},"categories":[11],"tags":[933,787],"class_list":["post-33315","post","type-post","status-publish","format-standard","has-post-thumbnail","hentry","category-tendencias","tag-ciclo-agricola-chihuahua","tag-la-boquilla"],"acf":[],"_links":{"self":[{"href":"https:\/\/www.opinionpublica.tv\/portada\/wp-json\/wp\/v2\/posts\/33315","targetHints":{"allow":["GET"]}}],"collection":[{"href":"https:\/\/www.opinionpublica.tv\/portada\/wp-json\/wp\/v2\/posts"}],"about":[{"href":"https:\/\/www.opinionpublica.tv\/portada\/wp-json\/wp\/v2\/types\/post"}],"author":[{"embeddable":true,"href":"https:\/\/www.opinionpublica.tv\/portada\/wp-json\/wp\/v2\/users\/6"}],"replies":[{"embeddable":true,"href":"https:\/\/www.opinionpublica.tv\/portada\/wp-json\/wp\/v2\/comments?post=33315"}],"version-history":[{"count":0,"href":"https:\/\/www.opinionpublica.tv\/portada\/wp-json\/wp\/v2\/posts\/33315\/revisions"}],"wp:featuredmedia":[{"embeddable":true,"href":"https:\/\/www.opinionpublica.tv\/portada\/wp-json\/wp\/v2\/media\/33314"}],"wp:attachment":[{"href":"https:\/\/www.opinionpublica.tv\/portada\/wp-json\/wp\/v2\/media?parent=33315"}],"wp:term":[{"taxonomy":"category","embeddable":true,"href":"https:\/\/www.opinionpublica.tv\/portada\/wp-json\/wp\/v2\/categories?post=33315"},{"taxonomy":"post_tag","embeddable":true,"href":"https:\/\/www.opinionpublica.tv\/portada\/wp-json\/wp\/v2\/tags?post=33315"}],"curies":[{"name":"wp","href":"https:\/\/api.w.org\/{rel}","templated":true}]}}