{"id":33313,"date":"2023-02-28T07:00:00","date_gmt":"2023-02-28T06:00:00","guid":{"rendered":"https:\/\/www.opinionpublica.tv\/portada\/2023\/02\/28\/supervisa-amlo-llegada-de-primer-vuelo-de-carga-de-dhl-al-aifa\/"},"modified":"2023-02-28T07:00:00","modified_gmt":"2023-02-28T06:00:00","slug":"supervisa-amlo-llegada-de-primer-vuelo-de-carga-de-dhl-al-aifa","status":"publish","type":"post","link":"https:\/\/www.opinionpublica.tv\/portada\/supervisa-amlo-llegada-de-primer-vuelo-de-carga-de-dhl-al-aifa\/","title":{"rendered":"Supervisa L\u00f3pez Obrador la llegada del primer vuelo de carga de DHL al AIFA"},"content":{"rendered":"<p><img fetchpriority=\"high\" decoding=\"async\" class=\" size-full wp-image-33311\" src=\"https:\/\/www.opinionpublica.tv\/portada\/wp-content\/uploads\/2023\/02\/5af80b6b510c36ef960724de8bfdedbb.jpg\" alt=\"\" class=\"caption\" title=\"La mudanza al AIFA representar\u00e1 la creaci\u00f3n de 280 nuevos empleos para la empresa DHL.\" width=\"800\" height=\"600\" srcset=\"https:\/\/www.opinionpublica.tv\/portada\/wp-content\/uploads\/2023\/02\/5af80b6b510c36ef960724de8bfdedbb.jpg 800w, https:\/\/www.opinionpublica.tv\/portada\/wp-content\/uploads\/2023\/02\/5af80b6b510c36ef960724de8bfdedbb-300x225.jpg 300w, https:\/\/www.opinionpublica.tv\/portada\/wp-content\/uploads\/2023\/02\/5af80b6b510c36ef960724de8bfdedbb-768x576.jpg 768w\" sizes=\"(max-width: 800px) 100vw, 800px\" \/><br \/>\n<!--more--><\/p>\n<p style=\"text-align: justify;\">El presidente Andr\u00e9s Manuel L\u00f3pez Obrador supervis\u00f3 el arribo del primer vuelo de carga de DHL al Aeropuerto Internacional Felipe \u00c1ngeles (AIFA), luego de que el 3 de febrero se decret\u00f3 la salida de esas operaciones del Aeropuerto Internacional de la Ciudad de M\u00e9xico (AICM).<\/p>\n<p style=\"text-align: justify;\">El AIFA cuenta con la estructura para recibir de manera simult\u00e1nea hasta cinco aeronaves de gran envergadura, con capacidad de procesamiento de 590 mil toneladas y 12 recintos fiscalizados, dijo el general Isidoro Pastor, director general del Aeropuerto Felipe \u00c1ngeles.<\/p>\n<p style=\"text-align: justify;\">En la ceremonia, en la que estuvo presente la jefa de Gobierno de la Ciudad de M\u00e9xico, Claudia Sheinbaum; el gobernador del Estado de M\u00e9xico, Alfredo del Mazo, entre otros, el general destac\u00f3 que con esta acci\u00f3n se reducir\u00e1 de manera gradual la saturaci\u00f3n del AICM, adem\u00e1s de contribuir en la liberaci\u00f3n de veh\u00edculos de carga por las avenidas principales del Valle de M\u00e9xico.<\/p>\n<p style=\"text-align: justify;\">Al hacer uso de la palabra, el presidente L\u00f3pez Obrador destac\u00f3 la inversi\u00f3n de DHL de 12 mil millones de pesos en M\u00e9xico, lo que demuestra que hay confianza entre los inversionistas y empresas extranjeras en nuestro pa\u00eds.<\/p>\n<p style=\"text-align: justify;\"><img decoding=\"async\" class=\" size-full wp-image-33312\" src=\"https:\/\/www.opinionpublica.tv\/portada\/wp-content\/uploads\/2023\/02\/dhl2.jpg\" width=\"1117\" height=\"744\" srcset=\"https:\/\/www.opinionpublica.tv\/portada\/wp-content\/uploads\/2023\/02\/dhl2.jpg 1117w, https:\/\/www.opinionpublica.tv\/portada\/wp-content\/uploads\/2023\/02\/dhl2-300x200.jpg 300w, https:\/\/www.opinionpublica.tv\/portada\/wp-content\/uploads\/2023\/02\/dhl2-1024x682.jpg 1024w, https:\/\/www.opinionpublica.tv\/portada\/wp-content\/uploads\/2023\/02\/dhl2-768x512.jpg 768w\" sizes=\"(max-width: 1117px) 100vw, 1117px\" \/><\/p>\n<p style=\"text-align: justify;\">\u00abAgradecerles que hayan sido los pioneros, los que decidieron trasladar sus operaciones de carga a este aeropuerto, nos ayud\u00f3 mucho que hay tomada esta decisi\u00f3n, porque hab\u00eda ciertas resistencias\u00bb, dijo el presidente de M\u00e9xico.<\/p>\n<p style=\"text-align: justify;\">Antonio Arranz, CEO de DHL M\u00e9xico, destac\u00f3 que la mudanza de su transporte de carga al AIFA es parte de su crecimiento en M\u00e9xico.<\/p>\n<p style=\"text-align: justify;\">Antes de que el decreto entre en vigor, en julio, nuestro vuelos de carga se procesar\u00e1n aqu\u00ed en su totalidad y solo quedar\u00e1n en el AICM los env\u00edos que venga. En los aviones comerciales, conforme marca la ley. (\u2026) Este recinto ser\u00e1 esencialmente estrat\u00e9gico e impulsar la competitividad y rentabilidad del negocio en el pa\u00eds, dijo<\/p>\n<p style=\"text-align: justify;\">La mudanza al AIFA representar\u00e1 para DHL la creaci\u00f3n de 280 nuevos empleos, inform\u00f3 Arranz. (Exc\u00e9lsior)<\/p>\n","protected":false},"excerpt":{"rendered":"","protected":false},"author":6,"featured_media":33311,"comment_status":"open","ping_status":"open","sticky":false,"template":"","format":"standard","meta":{"_acf_changed":false,"_monsterinsights_skip_tracking":false,"slim_seo":{"title":"Supervisa L\u00f3pez Obrador la llegada del primer vuelo de carga de DHL al AIFA - Opini\u00f3n P\u00fablica","description":"El presidente Andr\u00e9s Manuel L\u00f3pez Obrador supervis\u00f3 el arribo del primer vuelo de carga de DHL al Aeropuerto Internacional Felipe \u00c1ngeles (AIFA), luego de que e"},"footnotes":""},"categories":[11],"tags":[463],"class_list":["post-33313","post","type-post","status-publish","format-standard","has-post-thumbnail","hentry","category-tendencias","tag-aifa"],"acf":[],"_links":{"self":[{"href":"https:\/\/www.opinionpublica.tv\/portada\/wp-json\/wp\/v2\/posts\/33313","targetHints":{"allow":["GET"]}}],"collection":[{"href":"https:\/\/www.opinionpublica.tv\/portada\/wp-json\/wp\/v2\/posts"}],"about":[{"href":"https:\/\/www.opinionpublica.tv\/portada\/wp-json\/wp\/v2\/types\/post"}],"author":[{"embeddable":true,"href":"https:\/\/www.opinionpublica.tv\/portada\/wp-json\/wp\/v2\/users\/6"}],"replies":[{"embeddable":true,"href":"https:\/\/www.opinionpublica.tv\/portada\/wp-json\/wp\/v2\/comments?post=33313"}],"version-history":[{"count":0,"href":"https:\/\/www.opinionpublica.tv\/portada\/wp-json\/wp\/v2\/posts\/33313\/revisions"}],"wp:featuredmedia":[{"embeddable":true,"href":"https:\/\/www.opinionpublica.tv\/portada\/wp-json\/wp\/v2\/media\/33311"}],"wp:attachment":[{"href":"https:\/\/www.opinionpublica.tv\/portada\/wp-json\/wp\/v2\/media?parent=33313"}],"wp:term":[{"taxonomy":"category","embeddable":true,"href":"https:\/\/www.opinionpublica.tv\/portada\/wp-json\/wp\/v2\/categories?post=33313"},{"taxonomy":"post_tag","embeddable":true,"href":"https:\/\/www.opinionpublica.tv\/portada\/wp-json\/wp\/v2\/tags?post=33313"}],"curies":[{"name":"wp","href":"https:\/\/api.w.org\/{rel}","templated":true}]}}