{"id":33308,"date":"2023-02-28T07:00:00","date_gmt":"2023-02-28T06:00:00","guid":{"rendered":"https:\/\/www.opinionpublica.tv\/portada\/2023\/02\/28\/alerta-amarilla-en-territorio-chihuahuense-por-fuertes-vientos-y-probabilidad-de-lluvias\/"},"modified":"2023-02-28T07:00:00","modified_gmt":"2023-02-28T06:00:00","slug":"alerta-amarilla-en-territorio-chihuahuense-por-fuertes-vientos-y-probabilidad-de-lluvias","status":"publish","type":"post","link":"https:\/\/www.opinionpublica.tv\/portada\/alerta-amarilla-en-territorio-chihuahuense-por-fuertes-vientos-y-probabilidad-de-lluvias\/","title":{"rendered":"Alerta amarilla en territorio chihuahuense por vientos y probabilidad de lluvias"},"content":{"rendered":"<p><img fetchpriority=\"high\" decoding=\"async\" class=\" size-full wp-image-33307\" src=\"https:\/\/www.opinionpublica.tv\/portada\/wp-content\/uploads\/2023\/02\/1d0b4c994847271f0987cbc459a7ee5d.jpg\" alt=\"\" class=\"caption\" title=\"Los fuertes vientos del fin de semana dejaron estragos en todo Chihuahua.\" width=\"816\" height=\"612\" srcset=\"https:\/\/www.opinionpublica.tv\/portada\/wp-content\/uploads\/2023\/02\/1d0b4c994847271f0987cbc459a7ee5d.jpg 816w, https:\/\/www.opinionpublica.tv\/portada\/wp-content\/uploads\/2023\/02\/1d0b4c994847271f0987cbc459a7ee5d-300x225.jpg 300w, https:\/\/www.opinionpublica.tv\/portada\/wp-content\/uploads\/2023\/02\/1d0b4c994847271f0987cbc459a7ee5d-768x576.jpg 768w\" sizes=\"(max-width: 816px) 100vw, 816px\" \/><br \/>\n<!--more--><\/p>\n<p style=\"text-align: justify;\"><em>Chihuahua, Chih<\/em>.- La Coordinaci\u00f3n Estatal de Protecci\u00f3n Civil (CEPC) inform\u00f3 que para el mi\u00e9rcoles 1 y jueves 2 de marzo se prev\u00e9 la presencia de fuertes r\u00e1fagas de viento en territorio chihuahuense, por lo que se emite una alerta amarilla a la poblaci\u00f3n en general.<\/p>\n<p style=\"text-align: justify;\">Con base a la informaci\u00f3n emitida por el Servicio Meteorol\u00f3gico Nacional y la Junta Central de Agua y Saneamiento, la CEPC informa que se espera que estas condiciones meteorol\u00f3gicas empiecen cerca de las 10:00 horas del mi\u00e9rcoles y se mantengan durante la noche, madrugada y transcurso del jueves, con rachas de viento superiores a 100 kil\u00f3metros por hora (km\/h) en la zona serrana, Ojo Laguna Namiquipa y Buenaventura.<\/p>\n<p style=\"text-align: justify;\">En partes de los municipios de Chihuahua, Ahumada, Balleza, Ascensi\u00f3n, Janos, Casas Grandes, Galeana, Coyame y Manuel Benavides, el viento puede alcanzar entre 70 y 90 kph.<\/p>\n<p style=\"text-align: justify;\">Adem\u00e1s de los fuertes vientos, tambi\u00e9n es posible que se registren lluvias, nieve y agua nieve sobre las regiones norte, noroeste y serrana del estado.<\/p>\n<p style=\"text-align: justify;\">El pron\u00f3stico indica que el Frente Fr\u00edo 37 se desplazar\u00e1 sobre la frontera norte del territorio, aunado a una corriente en chorro polar y subtropical que generar\u00e1 de fuertes a intensas rachas de viento, as\u00ed como presencia de precipitaciones en forma de nieve y\/o agua nieve durante la madrugada y por la ma\u00f1ana del jueves en Ascensi\u00f3n, Janos, Nuevo Casas Grandes, Casas Grandes, Ju\u00e1rez, Ahumada, Guadalupe, Madera, Buenaventura y Ocampo.<\/p>\n<p style=\"text-align: justify;\">Asimismo, los fuertes e intensos vientos, con rachas entre 80 y 100 km\/h podr\u00edan afectar sobre los municipios de Camargo, San Francisco de Conchos, Parral, Carich\u00ed, Nonoava, Valle de Zaragoza, Satev\u00f3 e Hidalgo del Parral. Para el resto del estado los vientos podr\u00e1n superar los 75 km\/h.<\/p>\n<p style=\"text-align: justify;\">La dependencia estatal prev\u00e9 que durante las primeras horas del jueves podr\u00eda cerrarse el tr\u00e1nsito vehicular en el tramo carretero conocido como Puerto San Luis, en las zonas lim\u00edtrofes de Janos, Chihuahua y Agua Prieta, Sonora.<\/p>\n<p style=\"text-align: justify;\">En lo referente a las temperaturas se espera un marcado descenso en la madrugada del viernes 3 de marzo en Chihuahua con 0 grados cent\u00edgrados (\u00b0C) Ju\u00e1rez -2\u00b0C, Madera, -6 \u00b0C, Cuauht\u00e9moc -4 \u00b0C, Delicias 2\u00b0C y Parral 2\u00b0C.<\/p>\n<p style=\"text-align: justify;\">La CEPC pide a la poblaci\u00f3n, con el fin de evitar accidentes, se tomen medidas preventivas como no salir de casa si no es necesario, asegurar l\u00e1minas, techos, malla sombras, puertas, ventanas u objetos est\u00e9n bien sujetos.<\/p>\n<p style=\"text-align: justify;\">Adem\u00e1s, es importante alejarse de cornisas, muros o \u00e1rboles que puedan llegar a desprenderse, tomar precauciones en edificaciones en construcci\u00f3n o en mal estado f\u00edsico, no circular por lugares como muros, \u00e1rboles o edificios en mal estado o en construcci\u00f3n.<\/p>\n<p style=\"text-align: justify;\">No realizar fogatas y no arrojar colillas de cigarro encendidas, ya que pueden desencadenar incendios de gravedad. Manejar con precauci\u00f3n, encender las luces intermitentes en caso de presencia de tolvaneras o bien aplazar el viaje. En situaci\u00f3n de emergencia llamar al 911.<\/p>\n","protected":false},"excerpt":{"rendered":"","protected":false},"author":6,"featured_media":33307,"comment_status":"open","ping_status":"open","sticky":false,"template":"","format":"standard","meta":{"_acf_changed":false,"_monsterinsights_skip_tracking":false,"slim_seo":{"title":"Alerta amarilla en territorio chihuahuense por vientos y probabilidad de lluvias - Opini\u00f3n P\u00fablica","description":"Chihuahua, Chih .- La Coordinaci\u00f3n Estatal de Protecci\u00f3n Civil (CEPC) inform\u00f3 que para el mi\u00e9rcoles 1 y jueves 2 de marzo se prev\u00e9 la presencia de fuertes r\u00e1fag"},"footnotes":""},"categories":[11],"tags":[932],"class_list":["post-33308","post","type-post","status-publish","format-standard","has-post-thumbnail","hentry","category-tendencias","tag-alerta-amarilla-chihuahua"],"acf":[],"_links":{"self":[{"href":"https:\/\/www.opinionpublica.tv\/portada\/wp-json\/wp\/v2\/posts\/33308","targetHints":{"allow":["GET"]}}],"collection":[{"href":"https:\/\/www.opinionpublica.tv\/portada\/wp-json\/wp\/v2\/posts"}],"about":[{"href":"https:\/\/www.opinionpublica.tv\/portada\/wp-json\/wp\/v2\/types\/post"}],"author":[{"embeddable":true,"href":"https:\/\/www.opinionpublica.tv\/portada\/wp-json\/wp\/v2\/users\/6"}],"replies":[{"embeddable":true,"href":"https:\/\/www.opinionpublica.tv\/portada\/wp-json\/wp\/v2\/comments?post=33308"}],"version-history":[{"count":0,"href":"https:\/\/www.opinionpublica.tv\/portada\/wp-json\/wp\/v2\/posts\/33308\/revisions"}],"wp:featuredmedia":[{"embeddable":true,"href":"https:\/\/www.opinionpublica.tv\/portada\/wp-json\/wp\/v2\/media\/33307"}],"wp:attachment":[{"href":"https:\/\/www.opinionpublica.tv\/portada\/wp-json\/wp\/v2\/media?parent=33308"}],"wp:term":[{"taxonomy":"category","embeddable":true,"href":"https:\/\/www.opinionpublica.tv\/portada\/wp-json\/wp\/v2\/categories?post=33308"},{"taxonomy":"post_tag","embeddable":true,"href":"https:\/\/www.opinionpublica.tv\/portada\/wp-json\/wp\/v2\/tags?post=33308"}],"curies":[{"name":"wp","href":"https:\/\/api.w.org\/{rel}","templated":true}]}}