{"id":33304,"date":"2023-02-28T07:00:00","date_gmt":"2023-02-28T06:00:00","guid":{"rendered":"https:\/\/www.opinionpublica.tv\/portada\/2023\/02\/28\/video-evangelio-de-hoy-martes-28-de-febrero-2023\/"},"modified":"2023-02-28T07:00:00","modified_gmt":"2023-02-28T06:00:00","slug":"video-evangelio-de-hoy-martes-28-de-febrero-2023","status":"publish","type":"post","link":"https:\/\/www.opinionpublica.tv\/portada\/video-evangelio-de-hoy-martes-28-de-febrero-2023\/","title":{"rendered":"Video: Evangelio de hoy, martes 28 de febrero 2023"},"content":{"rendered":"<p><img fetchpriority=\"high\" decoding=\"async\" class=\" size-full wp-image-33303\" src=\"https:\/\/www.opinionpublica.tv\/portada\/wp-content\/uploads\/2023\/02\/d231aa182cd9ba6434da00c1a34129fb.jpg\" alt=\"\" width=\"552\" height=\"304\" srcset=\"https:\/\/www.opinionpublica.tv\/portada\/wp-content\/uploads\/2023\/02\/d231aa182cd9ba6434da00c1a34129fb.jpg 552w, https:\/\/www.opinionpublica.tv\/portada\/wp-content\/uploads\/2023\/02\/d231aa182cd9ba6434da00c1a34129fb-300x165.jpg 300w\" sizes=\"(max-width: 552px) 100vw, 552px\" \/><br \/>\n<!--more--><\/p>\n<p style=\"text-align: justify;\">Jes\u00fas les dijo: \u00abCuando pidan a Dios, no imiten a los paganos con sus letan\u00edas interminables. Mt 6, 7-15.<\/p>\n<p style=\"text-align: justify;\"><strong>Reflexiones para este martes<\/strong><\/p>\n<p style=\"text-align: justify;\">-1. Si mantengo resentimiento contra otros, Dios me invita a perdonarlos ya que \u00c9l ama a toda la gente.<\/p>\n<p style=\"text-align: justify;\">-2. Padre, cuando yo me vuelvo hacia T\u00ed en oraci\u00f3n, T\u00fa ya sabes lo que necesito.<\/p>\n<p style=\"text-align: justify;\">-3. La verdadera oraci\u00f3n es simple y confiada, a veces sin palabras: \u201cPermanece quieto y sabr\u00e1s que yo soy Dios\u201d.<\/p>\n<div class=\"k2_video\"><iframe title=\"Evangelio de Hoy Martes 28 de Febrero de 2023 | REFLEXI\u00d3N | Red Catolica\" width=\"800\" height=\"450\" src=\"https:\/\/www.youtube.com\/embed\/F0IvI_EuAA4?feature=oembed\" frameborder=\"0\" allow=\"accelerometer; autoplay; clipboard-write; encrypted-media; gyroscope; picture-in-picture; web-share\" referrerpolicy=\"strict-origin-when-cross-origin\" allowfullscreen><\/iframe>\n<\/div>\n","protected":false},"excerpt":{"rendered":"","protected":false},"author":6,"featured_media":33303,"comment_status":"open","ping_status":"open","sticky":false,"template":"","format":"standard","meta":{"_acf_changed":false,"_monsterinsights_skip_tracking":false,"slim_seo":{"title":"Video: Evangelio de hoy, martes 28 de febrero 2023 - Opini\u00f3n P\u00fablica","description":"Jes\u00fas les dijo: \"Cuando pidan a Dios, no imiten a los paganos con sus letan\u00edas interminables. Mt 6, 7-15. Reflexiones para este martes -1. Si mantengo resentimi"},"footnotes":""},"categories":[8],"tags":[559],"class_list":["post-33304","post","type-post","status-publish","format-standard","has-post-thumbnail","hentry","category-videos","tag-evangelio-de-hoy"],"acf":[],"_links":{"self":[{"href":"https:\/\/www.opinionpublica.tv\/portada\/wp-json\/wp\/v2\/posts\/33304","targetHints":{"allow":["GET"]}}],"collection":[{"href":"https:\/\/www.opinionpublica.tv\/portada\/wp-json\/wp\/v2\/posts"}],"about":[{"href":"https:\/\/www.opinionpublica.tv\/portada\/wp-json\/wp\/v2\/types\/post"}],"author":[{"embeddable":true,"href":"https:\/\/www.opinionpublica.tv\/portada\/wp-json\/wp\/v2\/users\/6"}],"replies":[{"embeddable":true,"href":"https:\/\/www.opinionpublica.tv\/portada\/wp-json\/wp\/v2\/comments?post=33304"}],"version-history":[{"count":0,"href":"https:\/\/www.opinionpublica.tv\/portada\/wp-json\/wp\/v2\/posts\/33304\/revisions"}],"wp:featuredmedia":[{"embeddable":true,"href":"https:\/\/www.opinionpublica.tv\/portada\/wp-json\/wp\/v2\/media\/33303"}],"wp:attachment":[{"href":"https:\/\/www.opinionpublica.tv\/portada\/wp-json\/wp\/v2\/media?parent=33304"}],"wp:term":[{"taxonomy":"category","embeddable":true,"href":"https:\/\/www.opinionpublica.tv\/portada\/wp-json\/wp\/v2\/categories?post=33304"},{"taxonomy":"post_tag","embeddable":true,"href":"https:\/\/www.opinionpublica.tv\/portada\/wp-json\/wp\/v2\/tags?post=33304"}],"curies":[{"name":"wp","href":"https:\/\/api.w.org\/{rel}","templated":true}]}}