{"id":33302,"date":"2023-02-28T07:00:00","date_gmt":"2023-02-28T06:00:00","guid":{"rendered":"https:\/\/www.opinionpublica.tv\/portada\/2023\/02\/28\/elon-musk-y-lopez-obrador-acuerdan-construccion-de-primer-planta-de-tesla-en-mexico\/"},"modified":"2023-02-28T07:00:00","modified_gmt":"2023-02-28T06:00:00","slug":"elon-musk-y-lopez-obrador-acuerdan-construccion-de-primer-planta-de-tesla-en-mexico","status":"publish","type":"post","link":"https:\/\/www.opinionpublica.tv\/portada\/elon-musk-y-lopez-obrador-acuerdan-construccion-de-primer-planta-de-tesla-en-mexico\/","title":{"rendered":"Elon Musk y L\u00f3pez Obrador acuerdan construcci\u00f3n de planta de Tesla en M\u00e9xico"},"content":{"rendered":"<p><img fetchpriority=\"high\" decoding=\"async\" class=\" size-full wp-image-33301\" src=\"https:\/\/www.opinionpublica.tv\/portada\/wp-content\/uploads\/2023\/02\/bdd6e31c72df9882a7904d2988eec673.jpg\" alt=\"\" class=\"caption\" title=\"Elon Musk, CEO de Tesla y Andr\u00e9s Manuel L\u00f3pez Obrador, presidente de M\u00e9xico.\" width=\"318\" height=\"159\" srcset=\"https:\/\/www.opinionpublica.tv\/portada\/wp-content\/uploads\/2023\/02\/bdd6e31c72df9882a7904d2988eec673.jpg 318w, https:\/\/www.opinionpublica.tv\/portada\/wp-content\/uploads\/2023\/02\/bdd6e31c72df9882a7904d2988eec673-300x150.jpg 300w\" sizes=\"(max-width: 318px) 100vw, 318px\" \/><br \/>\n<!--more--><\/p>\n<p style=\"text-align: justify;\">Fuentes del gobierno Federal confirmaron que tras la videollamada entre el presidente, Andr\u00e9s Manuel L\u00f3pez Obrador y Elon Musk, se acord\u00f3 que la empresa automotriz s\u00ed vendr\u00e1 a M\u00e9xico a instalar una planta.<\/p>\n<p style=\"text-align: justify;\">De acuerdo con las fuentes consultadas, hubo un acuerdo de no revelar detalles y ser\u00e1 este martes cuando se den a conocer.<\/p>\n<p style=\"text-align: justify;\">Pero se adelant\u00f3 que la empresa automotriz s\u00ed vendr\u00e1 a M\u00e9xico.<\/p>\n<p style=\"text-align: justify;\"><strong>Estados alzan la mano para tener la planta de Tesla<\/strong><\/p>\n<p style=\"text-align: justify;\">Desde que el secretario de Relaciones Exteriores, Marcelo Ebrard, tuite\u00f3 hace unos d\u00edas una imagen junto al director de Desarrollo de Negocios de Tesla, Rohan Patel, para confirmar las intenciones de Tesla de instalar una f\u00e1brica en nuestro pa\u00eds, varios estados han levantado la mano.<\/p>\n<p style=\"text-align: justify;\">\u00c9ste es el listado de los entidades mexicanas que buscan quedarse con la planta de Tesla, ya que representa una fuerte inversi\u00f3n de dinero, as\u00ed como la generaci\u00f3n de empleos.<\/p>\n<p style=\"text-align: justify;\"><strong>Hidalgo &#8211; AIFA<\/strong><\/p>\n<p style=\"text-align: justify;\">El presidente Andr\u00e9s Manuel L\u00f3pez Obrador celebr\u00f3 la intenci\u00f3n de Tesla para instalar una planta en M\u00e9xico, pero aclar\u00f3 que \u00e9sta se debe de instalar en un estado que no tenga problemas de abasto de agua.<\/p>\n<p style=\"text-align: justify;\">L\u00f3pez Obrador dijo que una opci\u00f3n para que instale la planta de Tesla podr\u00eda ser en el estado de Hidalgo, cerca del Aeropuerto Internacional Felipe \u00c1ngeles (AIFA).<\/p>\n<p style=\"text-align: justify;\"><strong>Veracruz<\/strong><\/p>\n<p style=\"text-align: justify;\">La alcaldesa del municipio, Paty Lobeira de Yunes, pidi\u00f3 que la f\u00e1brica de Tesla sea construida en el sureste del pa\u00eds.<\/p>\n<p style=\"text-align: justify;\">Al darse a conocer que Veracruz quiere tener la f\u00e1brica de Tesla, ofrecieron todas las facilidades para que puedan instalarse.<\/p>\n<p style=\"text-align: justify;\">Declar\u00f3: \u201cContamos con la infraestructura portuaria m\u00e1s importante de todo el sureste mexicano, tenemos las instalaciones id\u00f3neas y personal calificado para el traslado de veh\u00edculos, tan es as\u00ed, que ya superamos los 40 a\u00f1os de experiencia transportando autom\u00f3viles hacia los Estados Unidos, Europa y Sudam\u00e9rica\u201d.<\/p>\n<p style=\"text-align: justify;\"><strong>Tamaulipas<\/strong><\/p>\n<p style=\"text-align: justify;\">La Federaci\u00f3n de C\u00e1maras de Comercio (Fecanaco) pidi\u00f3 al gobierno de mexico tomar en cuenta a Tamaulipas donde afirman que s\u00ed hay agua.<\/p>\n<p style=\"text-align: justify;\">Julio Almanza Armas, presidente de Fecanaco, dijo que se debe pensar en otros estados y no permitir que la inversi\u00f3n se aleje del pa\u00eds.<\/p>\n<p style=\"text-align: justify;\">\u201cTamaulipas ofrece ventajas competitivas sobre Nuevo Le\u00f3n y la Ciudad de M\u00e9xico al ser frontera y no tener problemas de agua, incluso, est\u00e1 mejor posicionado que el aeropuerto Felipe \u00c1ngeles\u00bb, resalt\u00f3.<\/p>\n<p style=\"text-align: justify;\"><strong>Michoac\u00e1n<\/strong><\/p>\n<p style=\"text-align: justify;\">El gobernador de Michoac\u00e1n, Alfredo Ram\u00edrez Bedolla, dijo que el estado tiene todas la condiciones para instalar la empresa automotriz. Aunque en materia de seguridad deja mucho que desear.<\/p>\n<p style=\"text-align: justify;\"><strong>San Luis Potos\u00ed<\/strong><\/p>\n<p style=\"text-align: justify;\">El titular de la Secretar\u00eda de Desarrollo Econ\u00f3mico (Sedeco) de estado, Juan Carlos Valladares Eichelmann, dijo que no se encuentran participando en la pelea por la empresa de Elon Musk, Tesla.<\/p>\n<p style=\"text-align: justify;\">Declar\u00f3 que \u201cdefinitivamente no es un tema en el que estemos participando. Soy honesto\u201d.<\/p>\n<p style=\"text-align: justify;\">Sin embargo, dijo Eichelmann, hubo un acercamiento para atraer esta inversi\u00f3n al estado al inicio de las negociaciones con Nuevo Le\u00f3n.<\/p>\n<p style=\"text-align: justify;\"><strong>Puebla<\/strong><\/p>\n<p style=\"text-align: justify;\">Recientemente el coordinador de los diputados de Morena, Ignacio Mier Velazco, public\u00f3 en su cuenta de Twitter que Puebla ser\u00eda el lugar ideal para instalar la planta automotriz.<\/p>\n<p style=\"text-align: justify;\">\u201c\u00bfLugares? Muchos, como #Puebla, ninguno. @elonmusk no lo dudes, d\u00e9cadas de albergar marcas automotrices importantes, nos avalan. Los esperamos para que conozcan la infraestructura y aprovechen para comer mole, chalupitas y se maravillen con nuestra talavera y nuestra gente\u201d, escribi\u00f3.<\/p>\n<p style=\"text-align: justify;\"><strong>Coahuila<\/strong><\/p>\n<p style=\"text-align: justify;\">El candidato de Morena a la gubernatura de Coahuila, Armando Guadiana, se sum\u00f3 a la lista de interesados.<\/p>\n<p style=\"text-align: justify;\">Su propuesta para que, Elon Musk, se decida por dicha entidad, no se limita a platillos t\u00edpicos sino que ofreci\u00f3 alrededor de mil hect\u00e1reas.<\/p>\n<p style=\"text-align: justify;\">Por medio de un video que subi\u00f3 a su cuenta de Twitter, extern\u00f3 su apoyo al multimillonario y dijo que se trata de una regi\u00f3n carbon\u00edfera que adem\u00e1s, est\u00e1 a 74 millas del sur de la frontera con Estados Unidos.<\/p>\n<p style=\"text-align: justify;\">\u201cTenemos la carretera, el ferrocarril, energ\u00eda, un aeropuerto, y todos los servicios. Tambi\u00e9n tenemos a trabajadores que est\u00e1n bien preparados y han trabajado en minas de carb\u00f3n\u201d.<\/p>\n<p style=\"text-align: justify;\"><em>Con informaci\u00f3n de El Universal<\/em>.<\/p>\n","protected":false},"excerpt":{"rendered":"","protected":false},"author":6,"featured_media":33301,"comment_status":"open","ping_status":"open","sticky":false,"template":"","format":"standard","meta":{"_acf_changed":false,"_monsterinsights_skip_tracking":false,"slim_seo":{"title":"Elon Musk y L\u00f3pez Obrador acuerdan construcci\u00f3n de planta de Tesla en M\u00e9xico - Opini\u00f3n P\u00fablica","description":"Fuentes del gobierno Federal confirmaron que tras la videollamada entre el presidente, Andr\u00e9s Manuel L\u00f3pez Obrador y Elon Musk, se acord\u00f3 que la empresa automot"},"footnotes":""},"categories":[3],"tags":[722],"class_list":["post-33302","post","type-post","status-publish","format-standard","has-post-thumbnail","hentry","category-principal","tag-elon-musk"],"acf":[],"_links":{"self":[{"href":"https:\/\/www.opinionpublica.tv\/portada\/wp-json\/wp\/v2\/posts\/33302","targetHints":{"allow":["GET"]}}],"collection":[{"href":"https:\/\/www.opinionpublica.tv\/portada\/wp-json\/wp\/v2\/posts"}],"about":[{"href":"https:\/\/www.opinionpublica.tv\/portada\/wp-json\/wp\/v2\/types\/post"}],"author":[{"embeddable":true,"href":"https:\/\/www.opinionpublica.tv\/portada\/wp-json\/wp\/v2\/users\/6"}],"replies":[{"embeddable":true,"href":"https:\/\/www.opinionpublica.tv\/portada\/wp-json\/wp\/v2\/comments?post=33302"}],"version-history":[{"count":0,"href":"https:\/\/www.opinionpublica.tv\/portada\/wp-json\/wp\/v2\/posts\/33302\/revisions"}],"wp:featuredmedia":[{"embeddable":true,"href":"https:\/\/www.opinionpublica.tv\/portada\/wp-json\/wp\/v2\/media\/33301"}],"wp:attachment":[{"href":"https:\/\/www.opinionpublica.tv\/portada\/wp-json\/wp\/v2\/media?parent=33302"}],"wp:term":[{"taxonomy":"category","embeddable":true,"href":"https:\/\/www.opinionpublica.tv\/portada\/wp-json\/wp\/v2\/categories?post=33302"},{"taxonomy":"post_tag","embeddable":true,"href":"https:\/\/www.opinionpublica.tv\/portada\/wp-json\/wp\/v2\/tags?post=33302"}],"curies":[{"name":"wp","href":"https:\/\/api.w.org\/{rel}","templated":true}]}}