{"id":33298,"date":"2023-02-28T07:00:00","date_gmt":"2023-02-28T06:00:00","guid":{"rendered":"https:\/\/www.opinionpublica.tv\/portada\/2023\/02\/28\/rechaza-ine-ampliacion-de-alito-como-presidente-del-pri\/"},"modified":"2023-02-28T07:00:00","modified_gmt":"2023-02-28T06:00:00","slug":"rechaza-ine-ampliacion-de-alito-como-presidente-del-pri","status":"publish","type":"post","link":"https:\/\/www.opinionpublica.tv\/portada\/rechaza-ine-ampliacion-de-alito-como-presidente-del-pri\/","title":{"rendered":"Rechaza INE ampliaci\u00f3n de \u2018Alito\u2019 como presidente del PRI"},"content":{"rendered":"<p><img fetchpriority=\"high\" decoding=\"async\" class=\" size-full wp-image-33297\" src=\"https:\/\/www.opinionpublica.tv\/portada\/wp-content\/uploads\/2023\/02\/a19320b661d1237a9fd9bfd24a6800a4.jpg\" alt=\"\" class=\"caption\" title=\"El presidente nacional del PRI, Alejandro Moreno C\u00e1rdenas, est\u00e1 acusado de corrupci\u00f3n.\" width=\"800\" height=\"599\" srcset=\"https:\/\/www.opinionpublica.tv\/portada\/wp-content\/uploads\/2023\/02\/a19320b661d1237a9fd9bfd24a6800a4.jpg 800w, https:\/\/www.opinionpublica.tv\/portada\/wp-content\/uploads\/2023\/02\/a19320b661d1237a9fd9bfd24a6800a4-300x225.jpg 300w, https:\/\/www.opinionpublica.tv\/portada\/wp-content\/uploads\/2023\/02\/a19320b661d1237a9fd9bfd24a6800a4-768x575.jpg 768w\" sizes=\"(max-width: 800px) 100vw, 800px\" \/><br \/>\n<!--more--><\/p>\n<p style=\"text-align: justify;\">El Consejo General del Instituto Nacional Electoral (INE) rechaz\u00f3 la ampliaci\u00f3n del cargo de Alejandro \u2018Alito\u2019 Moreno, l\u00edder nacional del PRI, de 2023 a 2024, porque justific\u00f3 que lo hizo por el \u2018plan B\u2019 de la reforma electoral, el cual a\u00fan no existe jur\u00eddicamente.<\/p>\n<p style=\"text-align: justify;\">En sesi\u00f3n ordinaria de este lunes 27 de febrero, los consejeros electorales avalaron el acuerdo de la Comisi\u00f3n de Prerrogativas y Partidos, en votaci\u00f3n dividida de seis a cinco.<\/p>\n<p style=\"text-align: justify;\">La modificaci\u00f3n referida, se ata\u00f1e al art\u00edculo 16 del estatuto del partido, que permite al Consejo Pol\u00edtico Nacional tomar decisiones sin consultar a la Asamblea Nacional, bajo determinadas causales, entre ellas por causa justificada o adecuaciones a la legislaci\u00f3n electoral.<\/p>\n<p style=\"text-align: justify;\">Lorenzo C\u00f3rdova, consejero presidente, resalt\u00f3 que el problema del PRI radic\u00f3 en un \u201cdetalle\u201d, aducir, en el acta del consejo, modificaciones legales, y la \u201cinminencia\u201d, fue algo que agreg\u00f3 cuando la direcci\u00f3n de Prerrogativas y Partidos le dio derecho de audiencia.<\/p>\n<p style=\"text-align: justify;\">\u201cEs muy sencillo, hay o no reforma legal, y al d\u00eda de hoy no hay reforma, no se ha concretado y no ha generado efectos jur\u00eddicos\u201d, explic\u00f3 sobre la resoluci\u00f3n en torno a \u2018Alito\u2019 Moreno.<\/p>\n<p style=\"text-align: justify;\">En ese mismo sentido, se pronunci\u00f3 el consejero Jaime Rivera quien resalt\u00f3 que tambi\u00e9n en diciembre, cuando se vot\u00f3 el cambio en el partido, el \u2018plan B\u2019 era \u201cinexistente\u201d.<\/p>\n<p style=\"text-align: justify;\">Entre las posturas en contra, la consejera Dania Ravel consider\u00f3 que la justificaci\u00f3n del tricolor s\u00ed fue suficiente, y \u201csi a nuestros ojos esta raz\u00f3n no es convincente, no nos corresponde determinarlo, lo que nos corresponde hacer es revisar si el partido expres\u00f3 esta raz\u00f3n; es decir, verificar si cumpli\u00f3 con el requisito\u201d.<\/p>\n<p style=\"text-align: justify;\">Rub\u00e9n Moreira, quien acudi\u00f3 como representante del Poder Legislativo del PRI, pidi\u00f3 a los consejeros que volteen a \u201cver la voluntad de los consejeros (del partido)\u201d, pues de haber querido convocar a la Asamblea Nacional, pudieron hacerlo.<\/p>\n<p style=\"text-align: justify;\">Los consejeros Roberto Ruiz, Carla Humphrey, Adriana Favela y Uuc-kib Espadas tambi\u00e9n votaron en contra de que continuara \u2018Alito\u2019 Moreno.<\/p>\n","protected":false},"excerpt":{"rendered":"","protected":false},"author":6,"featured_media":33297,"comment_status":"open","ping_status":"open","sticky":false,"template":"","format":"standard","meta":{"_acf_changed":false,"_monsterinsights_skip_tracking":false,"slim_seo":{"title":"Rechaza INE ampliaci\u00f3n de \u2018Alito\u2019 como presidente del PRI - Opini\u00f3n P\u00fablica","description":"El Consejo General del Instituto Nacional Electoral (INE) rechaz\u00f3 la ampliaci\u00f3n del cargo de Alejandro \u2018Alito\u2019 Moreno, l\u00edder nacional del PRI, de 2023 a 2024, p"},"footnotes":""},"categories":[4],"tags":[583,400,87],"class_list":["post-33298","post","type-post","status-publish","format-standard","has-post-thumbnail","hentry","category-pulsopolitico","tag-alito-moreno","tag-corrupcion","tag-pri"],"acf":[],"_links":{"self":[{"href":"https:\/\/www.opinionpublica.tv\/portada\/wp-json\/wp\/v2\/posts\/33298","targetHints":{"allow":["GET"]}}],"collection":[{"href":"https:\/\/www.opinionpublica.tv\/portada\/wp-json\/wp\/v2\/posts"}],"about":[{"href":"https:\/\/www.opinionpublica.tv\/portada\/wp-json\/wp\/v2\/types\/post"}],"author":[{"embeddable":true,"href":"https:\/\/www.opinionpublica.tv\/portada\/wp-json\/wp\/v2\/users\/6"}],"replies":[{"embeddable":true,"href":"https:\/\/www.opinionpublica.tv\/portada\/wp-json\/wp\/v2\/comments?post=33298"}],"version-history":[{"count":0,"href":"https:\/\/www.opinionpublica.tv\/portada\/wp-json\/wp\/v2\/posts\/33298\/revisions"}],"wp:featuredmedia":[{"embeddable":true,"href":"https:\/\/www.opinionpublica.tv\/portada\/wp-json\/wp\/v2\/media\/33297"}],"wp:attachment":[{"href":"https:\/\/www.opinionpublica.tv\/portada\/wp-json\/wp\/v2\/media?parent=33298"}],"wp:term":[{"taxonomy":"category","embeddable":true,"href":"https:\/\/www.opinionpublica.tv\/portada\/wp-json\/wp\/v2\/categories?post=33298"},{"taxonomy":"post_tag","embeddable":true,"href":"https:\/\/www.opinionpublica.tv\/portada\/wp-json\/wp\/v2\/tags?post=33298"}],"curies":[{"name":"wp","href":"https:\/\/api.w.org\/{rel}","templated":true}]}}