{"id":33296,"date":"2023-02-28T07:00:00","date_gmt":"2023-02-28T06:00:00","guid":{"rendered":"https:\/\/www.opinionpublica.tv\/portada\/2023\/02\/28\/la-provocacion-irracional\/"},"modified":"2023-02-28T07:00:00","modified_gmt":"2023-02-28T06:00:00","slug":"la-provocacion-irracional","status":"publish","type":"post","link":"https:\/\/www.opinionpublica.tv\/portada\/la-provocacion-irracional\/","title":{"rendered":"La provocaci\u00f3n irracional"},"content":{"rendered":"<img decoding=\"async\" class=\" size-full wp-image-33295\" src=\"https:\/\/www.opinionpublica.tv\/portada\/wp-content\/uploads\/2023\/02\/e48cbaeb7c2e2abf9cbbbca8c5068513.jpg\" alt=\"\" class=\"caption\" title=\"Luis Carlos Ugalde, ex presidente del IFE.\" width=\"270\" height=\"152\" \/>\n<p style=\"text-align: justify;\">M\u00e1s de un aspirante de Morena a la presidencia de la Rep\u00fablica desear\u00eda que no hubiese plan B de reforma electoral. No s\u00f3lo se trata de una provocaci\u00f3n a la oposici\u00f3n para que desde ahora cuestionen las condiciones del juego electoral de 2024, sino tambi\u00e9n una invitaci\u00f3n a rechazar el resultado si pierden.<\/p>\n<p><!--more--><\/p>\n<p style=\"text-align: justify;\">La reforma electoral es tard\u00eda, est\u00e1 redactada con resentimiento pol\u00edtico y busca gestar una implosi\u00f3n pol\u00edtica desde adentro del INE. Es una apuesta por la inestabilidad, el desorden y una elecci\u00f3n conflictiva en 2024.<\/p>\n<p style=\"text-align: justify;\">Si Morena tiene hoy m\u00e1s probabilidad de ganar la elecci\u00f3n presidencial que el resto de los partidos, \u00bfen qu\u00e9 cabeza cabe dinamitar las condiciones de una elecci\u00f3n que sea aceptable para las partes y que permita al nuevo gobierno iniciar en condiciones de estabilidad y di\u00e1logo?<\/p>\n<p style=\"text-align: justify;\">La reforma electoral es una provocaci\u00f3n de beneficio personal de L\u00f3pez Obrador. No est\u00e1 pensando en las condiciones de gobernabilidad de la nueva administraci\u00f3n. Menos a\u00fan en la forma en c\u00f3mo su sucesor de Morena heredar\u00e1 el cargo en caso de ganar la presidencia. L\u00f3pez Obrador busca confirmar su narrativa de que el INE es parte de la conspiraci\u00f3n conservadora en contra de \u00e9l, que data desde 2006.<\/p>\n<p style=\"text-align: justify;\">En caso de que la reforma sea aprobada y entre en vigor, L\u00f3pez Obrador habr\u00e1 logrado dejar un sello en el sistema electoral y arg\u00fcir ante sus feligreses de que por fin la democracia nace en M\u00e9xico.<\/p>\n<p style=\"text-align: justify;\">Si la reforma es revocada por las autoridades judiciales podr\u00e1 argumentar que la lucha debe continuar para derribar los obst\u00e1culos conspiracionistas. En ambos casos gana su narrativa, gana su ret\u00f3rica y le permite mantener un pleito con la autoridad electoral.<\/p>\n<p style=\"text-align: justify;\">Ese pleito le permitir\u00e1 argumentar fraude en caso de que Morena pierda la presidencia y decir que ganaron, a pesar del INE, en caso de triunfar.<\/p>\n<p style=\"text-align: justify;\">Sin embargo, las condiciones de conflicto pol\u00edtico que ya se siembran hacia 2024 ser\u00e1n muy nocivas para su sucesor. Ya desde ahora, se est\u00e1 construyendo un conflicto innecesario. Desde ahora la oposici\u00f3n tiene la justificaci\u00f3n para rechazar el resultado en caso de perder.<\/p>\n<p style=\"text-align: justify;\">No s\u00f3lo eso, el gobierno le est\u00e1 dando municiones a la oposici\u00f3n para cohesionarse. La marcha del 13 de noviembre pasado fue un \u00e9xito pol\u00edtico que se repetir\u00e1 este domingo 26 de febrero. Sin plan B, esas movilizaciones, que son un entrenamiento de la oposici\u00f3n hacia 2024, no existir\u00edan. L\u00f3pez Obrador le da cemento a la oposici\u00f3n cuando m\u00e1s lo necesitan.<\/p>\n<p style=\"text-align: justify;\">La Suprema Corte de Justicia (y otras autoridades judiciales) tienen el poder de contener los efectos t\u00f3xicos del plan B y de evitar una crisis pol\u00edtica y acaso constitucional en 2024. El presidente, que es el jefe del Estado mexicano, no jugar\u00e1 el papel de garante de la seguridad de las instituciones nacionales. Ha optado por jugar como jefe de un bando pol\u00edtico y para ello quiere polarizar y provocar a sus adversarios.<\/p>\n<p style=\"text-align: justify;\">L\u00f3pez Obrador quiere pleito en 2024 en lugar de una contienda dura pero democr\u00e1tica. Seguramente sus propias corcholatas estar\u00e1n deseando que la Corte revoque el plan B.<\/p>\n","protected":false},"excerpt":{"rendered":"<p>M\u00e1s de un aspirante de Morena a la presidencia de la Rep\u00fablica desear\u00eda que no hubiese plan B de reforma electoral. No s\u00f3lo se trata de una provocaci\u00f3n a la oposici\u00f3n para que desde ahora cuestionen las condiciones del juego electoral de 2024, sino tambi\u00e9n una invitaci\u00f3n a rechazar el resultado si pierden.<\/p>\n","protected":false},"author":6,"featured_media":33295,"comment_status":"open","ping_status":"open","sticky":false,"template":"","format":"standard","meta":{"_acf_changed":false,"_monsterinsights_skip_tracking":false,"slim_seo":{"title":"La provocaci\u00f3n irracional - Opini\u00f3n P\u00fablica","description":"M\u00e1s de un aspirante de Morena a la presidencia de la Rep\u00fablica desear\u00eda que no hubiese plan B de reforma electoral. No s\u00f3lo se trata de una provocaci\u00f3n a la opo"},"footnotes":""},"categories":[23],"tags":[843],"class_list":["post-33296","post","type-post","status-publish","format-standard","has-post-thumbnail","hentry","category-democracia-eficaz","tag-luis-carlos-ugalde"],"acf":[],"_links":{"self":[{"href":"https:\/\/www.opinionpublica.tv\/portada\/wp-json\/wp\/v2\/posts\/33296","targetHints":{"allow":["GET"]}}],"collection":[{"href":"https:\/\/www.opinionpublica.tv\/portada\/wp-json\/wp\/v2\/posts"}],"about":[{"href":"https:\/\/www.opinionpublica.tv\/portada\/wp-json\/wp\/v2\/types\/post"}],"author":[{"embeddable":true,"href":"https:\/\/www.opinionpublica.tv\/portada\/wp-json\/wp\/v2\/users\/6"}],"replies":[{"embeddable":true,"href":"https:\/\/www.opinionpublica.tv\/portada\/wp-json\/wp\/v2\/comments?post=33296"}],"version-history":[{"count":0,"href":"https:\/\/www.opinionpublica.tv\/portada\/wp-json\/wp\/v2\/posts\/33296\/revisions"}],"wp:featuredmedia":[{"embeddable":true,"href":"https:\/\/www.opinionpublica.tv\/portada\/wp-json\/wp\/v2\/media\/33295"}],"wp:attachment":[{"href":"https:\/\/www.opinionpublica.tv\/portada\/wp-json\/wp\/v2\/media?parent=33296"}],"wp:term":[{"taxonomy":"category","embeddable":true,"href":"https:\/\/www.opinionpublica.tv\/portada\/wp-json\/wp\/v2\/categories?post=33296"},{"taxonomy":"post_tag","embeddable":true,"href":"https:\/\/www.opinionpublica.tv\/portada\/wp-json\/wp\/v2\/tags?post=33296"}],"curies":[{"name":"wp","href":"https:\/\/api.w.org\/{rel}","templated":true}]}}