{"id":33294,"date":"2023-02-28T07:00:00","date_gmt":"2023-02-28T06:00:00","guid":{"rendered":"https:\/\/www.opinionpublica.tv\/portada\/2023\/02\/28\/efemerides-28-de-febrero-4\/"},"modified":"2023-02-28T07:00:00","modified_gmt":"2023-02-28T06:00:00","slug":"efemerides-28-de-febrero-4","status":"publish","type":"post","link":"https:\/\/www.opinionpublica.tv\/portada\/efemerides-28-de-febrero-4\/","title":{"rendered":"Efem\u00e9rides 28 de febrero"},"content":{"rendered":"<img fetchpriority=\"high\" decoding=\"async\" class=\" size-full wp-image-33293\" src=\"https:\/\/www.opinionpublica.tv\/portada\/wp-content\/uploads\/2023\/02\/98e09173bc679eb98f180a6a65909636.jpg\" alt=\"\" class=\"caption\" title=\"Ra\u00fal Salinas, hermano del ex presidente de M\u00e9xico, Carlos Salinas de Gortari.\" width=\"292\" height=\"172\" \/>\n<p style=\"text-align: justify;\">Un d\u00eda 28 de febrero como hoy, pero de 1995, Ra\u00fal Salinas, hermano del ex presidente mexicano Carlos Salinas, es detenido por ser el presunto autor intelectual del asesinato del dirigente pol\u00edtico Ruiz Massieu.<\/p>\n<p><!--more--><\/p>\n<p style=\"text-align: justify;\"><strong>Otras efem\u00e9rides<\/strong><\/p>\n<p style=\"text-align: justify;\">1811.- Se produce \u00abEl grito de Asencio\u00bb, la primera proclama a favor de la independencia de Uruguay por un grupo de revolucionarios liderados por Pedro Jos\u00e9 Viera y Venancio Benavidez.<\/p>\n<p style=\"text-align: justify;\">1848.- Se proclama oficialmente la segunda Rep\u00fablica francesa, en la que se producir\u00e1n grandes reformas como la implantaci\u00f3n del sufragio universal masculino y la abolici\u00f3n definitiva de la esclavitud.<\/p>\n<p style=\"text-align: justify;\">1921.- Se inicia la guerra de Coto entre Panam\u00e1 y Costa Rica por un conflicto fronterizo entre los dos pa\u00edses.<\/p>\n<p style=\"text-align: justify;\">1922.- Gran Breta\u00f1a declara unilateralmente la independencia de Egipto condicionada a la presencia de tropas brit\u00e1nicas en el pa\u00eds para su defensa y la de las comunicaciones imperiales.<\/p>\n<p style=\"text-align: justify;\">1947.- El ej\u00e9rcito nacionalista de Taiw\u00e1n reprime un levantamiento popular y causa m\u00e1s de 20.000 muertos.<\/p>\n<p style=\"text-align: justify;\">1954.- La multinacional estadounidense Westinghouse lanza al mercado el primer televisor NTSC a color, el modelo H840CK15, aunque no es producido en serie.<\/p>\n<p style=\"text-align: justify;\">1974.- Estados Unidos y Egipto restablecen relaciones diplom\u00e1ticas, rotas siete a\u00f1os antes por el apoyo estadounidense a Israel durante la Guerra de los Seis D\u00edas.<\/p>\n<p style=\"text-align: justify;\">1984.- El cantante estadounidense Michael Jackson es galardonado con ocho premios Grammy por su \u00e1lbum \u00abThriller\u00bb.<\/p>\n<p style=\"text-align: justify;\">1986.- El primer ministro de Suecia y l\u00edder del Partido Socialdem\u00f3crata, Olof Palme, es asesinado tras salir de un cine de Estocolmo.<\/p>\n<p style=\"text-align: justify;\">1989.- El presidente venezolano, Carlos Andr\u00e9s P\u00e9rez, suspende las garant\u00edas constitucionales y ordena el toque de queda tras los actos de violencia y saqueos originados por el alza de precios.<\/p>\n<p style=\"text-align: justify;\">1989.- M\u00e9xico se convierte en el primer pa\u00eds latinoamericano en tener acceso a Internet, mediante una conexi\u00f3n directa entre el Instituto Tecnol\u00f3gico de Monterrey y la red estadounidense de la Fundaci\u00f3n Nacional de Ciencia (NSFNET).<\/p>\n<p style=\"text-align: justify;\">1990.- El Parlamento de la URSS aprueba la propiedad privada de la tierra, una reforma propuesta por Mijail Gorbachov para superar el comunismo.<\/p>\n<p style=\"text-align: justify;\">1990.- Se clausura oficialmente la red de computadoras ARPANET, germen de Internet, creada por encargo del Departamento de Defensa de los EEUU para comunicar los diferentes organismos del pa\u00eds.<\/p>\n<p style=\"text-align: justify;\">1991.- Irak se rinde en la guerra del Golfo P\u00e9rsico ante la coalici\u00f3n autorizada por la ONU y liderada por Estados Unidos en respuesta a la invasi\u00f3n iraqu\u00ed de Kuwait.<\/p>\n<p style=\"text-align: justify;\">1995.- Per\u00fa y Ecuador firman la \u00abDeclaraci\u00f3n de Montevideo\u00bb para facilitar el cumplimiento de la \u00abDeclaraci\u00f3n de Paz de Itamaraty\u00bb que pone fin al conflicto fronterizo entre los dos pa\u00edses.<\/p>\n<p style=\"text-align: justify;\">2007.- El Gobierno paraguayo declara el estado de emergencia durante 60 d\u00edas en todo el pa\u00eds ante el brote epid\u00e9mico de dengue.<\/p>\n<p style=\"text-align: justify;\">2008.- El Gobierno y la oposici\u00f3n de Kenia acuerdan un gobierno de coalici\u00f3n para finalizar un conflicto que hab\u00eda causado 1.500 muertos y m\u00e1s de 400 mil desplazados tras las elecciones presidenciales.<\/p>\n<p style=\"text-align: justify;\">2013.- El papa alem\u00e1n Benedicto XVI renuncia oficialmente por voluntad propia a su pontificado, en una decisi\u00f3n hist\u00f3rica, cuyos precedentes hay que buscarlos siete siglos atr\u00e1s.<\/p>\n<p style=\"text-align: justify;\">2017.- Rusia y China vetan una resoluci\u00f3n de la ONU que contemplaba sanciones contra el r\u00e9gimen sirio por el uso de armas qu\u00edmicas.<\/p>\n<p style=\"text-align: justify;\"><strong>Nacimientos<\/strong><\/p>\n<p style=\"text-align: justify;\">1882.- Jos\u00e9 Vasconcelos, pensador y pol\u00edtico mexicano.<\/p>\n<p style=\"text-align: justify;\">1886.- Jos\u00e9 Guti\u00e9rrez-Solana, pintor y escritor espa\u00f1ol.<\/p>\n<p style=\"text-align: justify;\">1890.- Vaslav Nijinsky, bailar\u00edn ruso.<\/p>\n<p style=\"text-align: justify;\">1893.- Jos\u00e9 Vicente Foix, poeta espa\u00f1ol.<\/p>\n<p style=\"text-align: justify;\">1901.- Linus Pauling, premio Nobel de Qu\u00edmica en 1954 y de la Paz en 1962.<\/p>\n<p style=\"text-align: justify;\">1906.- Agust\u00edn de Fox\u00e1, poeta y dramaturgo espa\u00f1ol.<\/p>\n<p style=\"text-align: justify;\">1929.- Frank Owen Gehry, arquitecto canadiense.<\/p>\n<p style=\"text-align: justify;\">1940.- Joe South, Joe South, cantautor y guitarrista estadounidense.<\/p>\n<p style=\"text-align: justify;\">1942.- Brian Jones, m\u00fasico estadounidense, uno de los miembros fundadores de la banda de rock The Rolling Stones.<\/p>\n<p style=\"text-align: justify;\">1953.- Paul Krugman, economista estadounidense, premio Nobel 2008.<\/p>\n<p style=\"text-align: justify;\">1957.- John Turturro, actor estadounidense.<\/p>\n<p style=\"text-align: justify;\">1973.- Diego Reinhold, actor, c\u00f3mico y presentador de televisi\u00f3n argentino.<\/p>\n<p style=\"text-align: justify;\">1977.- Chris Wooding, escritor brit\u00e1nico.<\/p>\n<p style=\"text-align: justify;\">1979.- Sander van Doorn, productor musical y DJ neerland\u00e9s de trance y house.<\/p>\n<p style=\"text-align: justify;\">1990.- Georgina Leonidas, actriz brit\u00e1nica.<\/p>\n<p style=\"text-align: justify;\">1993.- Emmelie de Forest, cantante danesa.<\/p>\n<p style=\"text-align: justify;\">1995.- Madisen Beaty, actriz estadounidense.<\/p>\n<p style=\"text-align: justify;\"><strong>Defunciones<\/strong><\/p>\n<p style=\"text-align: justify;\">1869.- Alphonse Marie de Lamartine, poeta y pol\u00edtico franc\u00e9s.<\/p>\n<p style=\"text-align: justify;\">1916.- Henry James, escritor estadounidense.<\/p>\n<p style=\"text-align: justify;\">1917.- Pedro Bonifacio Palacios, poeta argentino.<\/p>\n<p style=\"text-align: justify;\">1925.- Friedrich Ebert, primer presidente de la Rep\u00fablica de Weimar (Alemania).<\/p>\n<p style=\"text-align: justify;\">1941.- Alfonso XIII, rey de Espa\u00f1a.<\/p>\n<p style=\"text-align: justify;\">1973.- Tito Rodr\u00edguez, cantante, m\u00fasico y director de orquesta puertorrique\u00f1o-estadounidense.<\/p>\n<p style=\"text-align: justify;\">1981.- \u00c1lvaro Cunqueiro, escritor espa\u00f1ol.<\/p>\n<p style=\"text-align: justify;\">1985.- David Byron, cantante brit\u00e1nico, uno de los fundadores de Uriah Heep.<\/p>\n<p style=\"text-align: justify;\">1998.- Luis Feria, poeta espa\u00f1ol.<\/p>\n<p style=\"text-align: justify;\">2004.- Carmen Laforet, escritora espa\u00f1ola.<\/p>\n<p style=\"text-align: justify;\">2007.- Arthur M Schlesinger, historiador estadounidense.<\/p>\n<p style=\"text-align: justify;\">2010.- Carlos Montemayor, escritor y acad\u00e9mico mexicano.<\/p>\n<p style=\"text-align: justify;\">2011.- Jane Russell, actriz estadounidense.<\/p>\n<p style=\"text-align: justify;\">2011.- Annie Girardot, actriz francesa.<\/p>\n<p style=\"text-align: justify;\">2015.- Yasar Kemal, escritor turco.<\/p>\n<p style=\"text-align: justify;\">2016.- George Kennedy, actor estadounidense.<\/p>\n<p style=\"text-align: justify;\">2018.- Rogelio Guerra, actor mexicano.<\/p>\n","protected":false},"excerpt":{"rendered":"<p>Un d\u00eda 28 de febrero como hoy, pero de 1995, Ra\u00fal Salinas, hermano del ex presidente mexicano Carlos Salinas, es detenido por ser el presunto autor intelectual del asesinato del dirigente pol\u00edtico Ruiz Massieu.<\/p>\n","protected":false},"author":6,"featured_media":33293,"comment_status":"open","ping_status":"open","sticky":false,"template":"","format":"standard","meta":{"_acf_changed":false,"_monsterinsights_skip_tracking":false,"slim_seo":{"title":"Efem\u00e9rides 28 de febrero - Opini\u00f3n P\u00fablica","description":"Un d\u00eda 28 de febrero como hoy, pero de 1995, Ra\u00fal Salinas, hermano del ex presidente mexicano Carlos Salinas, es detenido por ser el presunto autor intelectual"},"footnotes":""},"categories":[27],"tags":[],"class_list":["post-33294","post","type-post","status-publish","format-standard","has-post-thumbnail","hentry","category-un-dia-como-hoy"],"acf":[],"_links":{"self":[{"href":"https:\/\/www.opinionpublica.tv\/portada\/wp-json\/wp\/v2\/posts\/33294","targetHints":{"allow":["GET"]}}],"collection":[{"href":"https:\/\/www.opinionpublica.tv\/portada\/wp-json\/wp\/v2\/posts"}],"about":[{"href":"https:\/\/www.opinionpublica.tv\/portada\/wp-json\/wp\/v2\/types\/post"}],"author":[{"embeddable":true,"href":"https:\/\/www.opinionpublica.tv\/portada\/wp-json\/wp\/v2\/users\/6"}],"replies":[{"embeddable":true,"href":"https:\/\/www.opinionpublica.tv\/portada\/wp-json\/wp\/v2\/comments?post=33294"}],"version-history":[{"count":0,"href":"https:\/\/www.opinionpublica.tv\/portada\/wp-json\/wp\/v2\/posts\/33294\/revisions"}],"wp:featuredmedia":[{"embeddable":true,"href":"https:\/\/www.opinionpublica.tv\/portada\/wp-json\/wp\/v2\/media\/33293"}],"wp:attachment":[{"href":"https:\/\/www.opinionpublica.tv\/portada\/wp-json\/wp\/v2\/media?parent=33294"}],"wp:term":[{"taxonomy":"category","embeddable":true,"href":"https:\/\/www.opinionpublica.tv\/portada\/wp-json\/wp\/v2\/categories?post=33294"},{"taxonomy":"post_tag","embeddable":true,"href":"https:\/\/www.opinionpublica.tv\/portada\/wp-json\/wp\/v2\/tags?post=33294"}],"curies":[{"name":"wp","href":"https:\/\/api.w.org\/{rel}","templated":true}]}}