{"id":32535,"date":"2022-12-25T07:00:00","date_gmt":"2022-12-25T06:00:00","guid":{"rendered":"https:\/\/www.opinionpublica.tv\/portada\/2022\/12\/25\/otra-vez-las-precampanas-electorales\/"},"modified":"2022-12-25T07:00:00","modified_gmt":"2022-12-25T06:00:00","slug":"otra-vez-las-precampanas-electorales","status":"publish","type":"post","link":"https:\/\/www.opinionpublica.tv\/portada\/otra-vez-las-precampanas-electorales\/","title":{"rendered":"Otra vez las precampa\u00f1as electorales"},"content":{"rendered":"<img decoding=\"async\" class=\" size-full wp-image-32534\" src=\"https:\/\/www.opinionpublica.tv\/portada\/wp-content\/uploads\/2022\/12\/ec44fb67065aafbdd75351ca3f79ee62.jpg\" alt=\"\" class=\"caption\" title=\"Luis Carlos Ugalde, ex presidente del IFE.\" width=\"270\" height=\"152\" \/>\n<p style=\"text-align: justify;\">Para propiciar piso parejo en las contiendas electorales, desde 2007 se ha construido un andamiaje de reglas constitucionales, legales y jurisprudenciales para que haya un calendario definido de tiempos de precampa\u00f1as y campa\u00f1as y evitar que los servidores p\u00fablicos (o cualquier persona) se adelante y as\u00ed obtenga una ventaja indebida.<\/p>\n<p><!--more--><\/p>\n<p style=\"text-align: justify;\">La semana pasada el INE impuso medidas cautelares en contra de Claudia Sheinbaum como respuesta a diversas quejas presentada por el PAN y por diversas personas por la campa\u00f1a de propaganda que se lleva a cabo en todo el pa\u00eds bajo el hashtag #EsClaudia.<\/p>\n<p style=\"text-align: justify;\">El INE no se pronunci\u00f3 sobre el fondo del tema, es decir, si la jefa de Gobierno es culpable o si la campa\u00f1a #EsClaudia constituye una violaci\u00f3n a la legislaci\u00f3n electoral. Sin embargo, impuso medidas cautelares mientras resuelve la Sala Especializada del Tribunal Electoral, que es la instancia que se puede pronunciar sobre el fondo del asunto.<\/p>\n<p style=\"text-align: justify;\">La medida cautelar consisti\u00f3 en que Sheinbaum publicara un deslinde de las acciones de propaganda que se esparcen por todo el pa\u00eds en bardas, lonas, utilitarios, espectaculares y redes sociales. En su carta, Sheinbaum invita a sus simpatizantes a que \u201cse abstengan de difundir su nombre, apellido e imagen, [\u2026] ya que dichas conductas podr\u00edan llegar a constituir alguna infracci\u00f3n a las normas en materia electoral\u201d.<\/p>\n<p style=\"text-align: justify;\">En materia electoral, la parte beneficiaria de cualquier acto de propaganda es corresponsable, a fin de evitar la simulaci\u00f3n, eso es, que otros hagan campa\u00f1as como si fueran propias para que el beneficiario reciba los r\u00e9ditos sin incurrir en los costos o las prohibiciones.<\/p>\n<p style=\"text-align: justify;\">Sheinbaum acat\u00f3 de mala gana y aderez\u00f3 su publicaci\u00f3n con un mensaje que no detendr\u00e1 la simulaci\u00f3n. Seg\u00fan ella, el INE demuestra su talante antidemocr\u00e1tico y conservador y censura la libertad de expresi\u00f3n.<\/p>\n<p style=\"text-align: justify;\">Claramente se trata de una campa\u00f1a coordinada: la mayor\u00eda de las bardas utilizan los mismos colores (rojo, negro, guinda) y mensajes similares. En todas las lonas denunciadas se aprecia la imagen de Claudia Sheinbaum, jefa de Gobierno de la Ciudad de M\u00e9xico. Las expresiones se detonaron a la par de que ella inici\u00f3 una campa\u00f1a de giras por todo el pa\u00eds para promover su persona.<\/p>\n<p style=\"text-align: justify;\">De acuerdo con el art\u00edculo 3 de la Ley General de Instituciones y Procedimientos Electorales, son actos anticipados de campa\u00f1a aquellos \u201cactos de expresi\u00f3n que se realicen bajo cualquier modalidad y en cualquier momento fuera de la etapa de campa\u00f1as, que contengan llamados expresos al voto en contra o a favor de una candidatura o un partido, o expresiones solicitando cualquier tipo de apoyo para contender en el proceso electoral por alguna candidatura o para un partido\u201d.<\/p>\n<p style=\"text-align: justify;\">A partir de esa definici\u00f3n, el Tribunal Electoral ha sostenido que, para que se configuren los actos anticipados de campa\u00f1a, se requiere la coexistencia de tres elementos: a) los actos o frases se realizan antes de la etapa de campa\u00f1a electoral; b) es identificable la persona beneficiaria; y c) hay una intencionalidad de llamar a votar o pedir apoyo a favor de obtener la postulaci\u00f3n a una precandidatura, candidatura o cargo de elecci\u00f3n popular.<\/p>\n<p style=\"text-align: justify;\">La finalidad que persigue la norma, seg\u00fan el Tribunal Electoral, es inhibir y sancionar a los actores pol\u00edticos que realicen expresiones que posicionen de manera anticipada a uno de los contendientes en el proceso electoral, al obtener una ventaja indebida respecto de los dem\u00e1s contendientes, pues con ello se privilegia el principio de equidad en la contienda entre las otras fuerzas pol\u00edticas que pretenden un cargo de elecci\u00f3n popular.<\/p>\n<p style=\"text-align: justify;\">Otro fin de regular las precampa\u00f1as de servidores p\u00fablicos es constre\u00f1ir el desv\u00edo de recursos p\u00fablicos para propaganda electoral.<\/p>\n<p style=\"text-align: justify;\">La prisa de L\u00f3pez Obrador para detonar una sucesi\u00f3n adelantada al interior de Morena est\u00e1 forzando a que los aspirantes violen la ley electoral. Este fin de semana Marcelo Ebrard tom\u00f3 protesta a los comit\u00e9s de apoyo que promover\u00e1n el voto a su favor en la encuesta de Morena para designar al candidato para contender por la presidencia en 2024. Aunque m\u00e1s discreto y cuidadoso, su campa\u00f1a enfrentar\u00e1 quejas en su contra, al igual que el activismo del secretario de Gobernaci\u00f3n.<\/p>\n<p style=\"text-align: justify;\">El INE no viola la libertad de expresi\u00f3n como acus\u00f3 L\u00f3pez Obrador ayer en su ma\u00f1anera. Aunque esta se garantiza en la Constituci\u00f3n, tambi\u00e9n en ella se establecen las restricciones a dicha libertad para los pol\u00edticos, gobernantes y servidores p\u00fablicos, a fin de lograr otros objetivos tan importantes como la equidad en las contiendas electorales.<\/p>\n","protected":false},"excerpt":{"rendered":"<p>Para propiciar piso parejo en las contiendas electorales, desde 2007 se ha construido un andamiaje de reglas constitucionales, legales y jurisprudenciales para que haya un calendario definido de tiempos de precampa\u00f1as y campa\u00f1as y evitar que los servidores p\u00fablicos (o cualquier persona) se adelante y as\u00ed obtenga una ventaja indebida.<\/p>\n","protected":false},"author":6,"featured_media":32534,"comment_status":"open","ping_status":"open","sticky":false,"template":"","format":"standard","meta":{"_acf_changed":false,"_monsterinsights_skip_tracking":false,"slim_seo":{"title":"Otra vez las precampa\u00f1as electorales - Opini\u00f3n P\u00fablica","description":"Para propiciar piso parejo en las contiendas electorales, desde 2007 se ha construido un andamiaje de reglas constitucionales, legales y jurisprudenciales para"},"footnotes":""},"categories":[23],"tags":[843],"class_list":["post-32535","post","type-post","status-publish","format-standard","has-post-thumbnail","hentry","category-democracia-eficaz","tag-luis-carlos-ugalde"],"acf":[],"_links":{"self":[{"href":"https:\/\/www.opinionpublica.tv\/portada\/wp-json\/wp\/v2\/posts\/32535","targetHints":{"allow":["GET"]}}],"collection":[{"href":"https:\/\/www.opinionpublica.tv\/portada\/wp-json\/wp\/v2\/posts"}],"about":[{"href":"https:\/\/www.opinionpublica.tv\/portada\/wp-json\/wp\/v2\/types\/post"}],"author":[{"embeddable":true,"href":"https:\/\/www.opinionpublica.tv\/portada\/wp-json\/wp\/v2\/users\/6"}],"replies":[{"embeddable":true,"href":"https:\/\/www.opinionpublica.tv\/portada\/wp-json\/wp\/v2\/comments?post=32535"}],"version-history":[{"count":0,"href":"https:\/\/www.opinionpublica.tv\/portada\/wp-json\/wp\/v2\/posts\/32535\/revisions"}],"wp:featuredmedia":[{"embeddable":true,"href":"https:\/\/www.opinionpublica.tv\/portada\/wp-json\/wp\/v2\/media\/32534"}],"wp:attachment":[{"href":"https:\/\/www.opinionpublica.tv\/portada\/wp-json\/wp\/v2\/media?parent=32535"}],"wp:term":[{"taxonomy":"category","embeddable":true,"href":"https:\/\/www.opinionpublica.tv\/portada\/wp-json\/wp\/v2\/categories?post=32535"},{"taxonomy":"post_tag","embeddable":true,"href":"https:\/\/www.opinionpublica.tv\/portada\/wp-json\/wp\/v2\/tags?post=32535"}],"curies":[{"name":"wp","href":"https:\/\/api.w.org\/{rel}","templated":true}]}}