{"id":32523,"date":"2022-12-25T07:00:00","date_gmt":"2022-12-25T06:00:00","guid":{"rendered":"https:\/\/www.opinionpublica.tv\/portada\/2022\/12\/25\/efemerides-25-de-diciembre-3\/"},"modified":"2022-12-25T07:00:00","modified_gmt":"2022-12-25T06:00:00","slug":"efemerides-25-de-diciembre-3","status":"publish","type":"post","link":"https:\/\/www.opinionpublica.tv\/portada\/efemerides-25-de-diciembre-3\/","title":{"rendered":"Efem\u00e9rides 25 de diciembre"},"content":{"rendered":"<img fetchpriority=\"high\" decoding=\"async\" class=\" size-full wp-image-32522\" src=\"https:\/\/www.opinionpublica.tv\/portada\/wp-content\/uploads\/2022\/12\/0127ee37fe1ff39d66682f7f2674a8c0.jpg\" alt=\"\" class=\"caption\" title=\"\u00c1rbol navide\u00f1o iluminado por primera vez con l\u00e1mparas el\u00e9ctricas de Thomas Edison.\" width=\"201\" height=\"250\" \/>\n<p style=\"text-align: justify;\">Un d\u00eda 25 de diciembre como hoy, pero de 1882, es iluminado por primera vez con l\u00e1mparas el\u00e9ctricas un \u00e1rbol de Navidad, en el hogar de Edward Johnson, un socio de Thomas Edison, en Estados Unidos.<\/p>\n<p><!--more--><\/p>\n<p style=\"text-align: justify;\"><strong>M\u00e1s efem\u00e9rides<\/strong><\/p>\n<p style=\"text-align: justify;\">350.- Probablemente en este a\u00f1o se celebr\u00f3 por primera vez la Navidad, en Roma.<\/p>\n<p style=\"text-align: justify;\">1491.- Nace Ignacio de Loyola, religioso espa\u00f1ol, fundador de la Compa\u00f1\u00eda de Jes\u00fas.<\/p>\n<p style=\"text-align: justify;\">1524.- Nace Vasco de Gama, navegante portugu\u00e9s.<\/p>\n<p style=\"text-align: justify;\">1578.- El pirata brit\u00e1nico Francis Drake desembarca en Valpara\u00edso (Chile) y saquea la ciudad.<\/p>\n<p style=\"text-align: justify;\">1850.- Firma de una alianza defensiva de obligaciones mutuas entre Paraguay y Brasil, de seis a\u00f1os de vigencia.<\/p>\n<p style=\"text-align: justify;\">1867.- Benito Ju\u00e1rez asume la presidencia de M\u00e9xico y restaura la Rep\u00fablica federal laica.<\/p>\n<p style=\"text-align: justify;\">1869.- Primer n\u00famero de \u00abLa Ilustraci\u00f3n Espa\u00f1ola y Americana\u00bb.<\/p>\n<p style=\"text-align: justify;\">1884.- Un temblor de tierra destruye durante la noche de este d\u00eda pueblos enteros de Granada, M\u00e1laga, Almer\u00eda y Sevilla, en el sur de Espa\u00f1a, y causa centenares de muertos.<\/p>\n<p style=\"text-align: justify;\">1907.- Primera experiencia aeron\u00e1utica en Argentina con el globo \u00abPampero\u00bb, realizada en Buenos Aires.<\/p>\n<p style=\"text-align: justify;\">1917.- Un terremoto deja casi destruida la ciudad de Guatemala y causa la muerte a m\u00e1s de 300 personas y heridas a varios miles.<\/p>\n<p style=\"text-align: justify;\">1918.- Nace Anuar el Sadat, presidente de Egipto, asesinado en 1981.<\/p>\n<p style=\"text-align: justify;\">1926.- El pr\u00edncipe heredero del Jap\u00f3n, Hiro-Hito, sucede a su padre, Yoshi-Hito, como emperador.<\/p>\n<p style=\"text-align: justify;\">1941.- Segunda Guerra Mundial: los japoneses entran en Hong Kong.<\/p>\n<p style=\"text-align: justify;\">1950.- Muere Javier Villaurrutia, escritor mexicano.<\/p>\n<p style=\"text-align: justify;\">1961.- Nace Ingrid Betancourt, pol\u00edtica colombiana.<\/p>\n<p style=\"text-align: justify;\">1977.- Muere el actor y cineasta brit\u00e1nico Charles Chaplin.<\/p>\n<p style=\"text-align: justify;\">1983.- Muere Joan Mir\u00f3, pintor espa\u00f1ol.<\/p>\n<p style=\"text-align: justify;\">1986.- Mueren 62 personas al estallar un avi\u00f3n iraqu\u00ed durante el aterrizaje en Arar (Arabia Saud\u00ed). Hab\u00eda sido secuestrado en vuelo entre Bagdad y Amman por miembros de la Yihad Isl\u00e1mica.<\/p>\n<p style=\"text-align: justify;\">1989.- Nicolae Ceaucescu, presidente de Rumania, y su esposa, Elena, son ejecutados tras ser acusados de genocidio.<\/p>\n<p style=\"text-align: justify;\">1991.- Mijail Gorbachov dimite como presidente de la URSS.<\/p>\n<p style=\"text-align: justify;\">1995.- Muere Dean Martin, actor y cantante estadounidense.<\/p>\n<p style=\"text-align: justify;\">1999.- El Ej\u00e9rcito ruso inicia el asalto a Grozni, capital de Chechenia.<\/p>\n<p style=\"text-align: justify;\">2002.- Arque\u00f3logos chinos desentierran un archivo oficial impreso en m\u00e1s de mil tablas de bamb\u00fa, de 2.200 a\u00f1os de antig\u00fcedad, en Zaoyang, provincia central de Hubei.<\/p>\n<p style=\"text-align: justify;\">2004.- Muere Juan Pablo Uribe, pol\u00edtico y periodista colombiano.<\/p>\n<p style=\"text-align: justify;\">2005.- El papa Benedicto XVI pronuncia el primer Mensaje de Navidad de su Pontificado.<\/p>\n<p style=\"text-align: justify;\">2006.- Muere James Brown, cantante estadounidense.<\/p>\n<p style=\"text-align: justify;\">2008.- El Gobierno de Guinea Conakry jura fidelidad al capit\u00e1n golpista Moussa Daddis Camara, que se autoproclama presidente.<\/p>\n","protected":false},"excerpt":{"rendered":"<p>Un d\u00eda 25 de diciembre como hoy, pero de 1882, es iluminado por primera vez con l\u00e1mparas el\u00e9ctricas un \u00e1rbol de Navidad, en el hogar de Edward Johnson, un socio de Thomas Edison, en Estados Unidos.<\/p>\n","protected":false},"author":6,"featured_media":32522,"comment_status":"open","ping_status":"open","sticky":false,"template":"","format":"standard","meta":{"_acf_changed":false,"_monsterinsights_skip_tracking":false,"slim_seo":{"title":"Efem\u00e9rides 25 de diciembre - Opini\u00f3n P\u00fablica","description":"Un d\u00eda 25 de diciembre como hoy, pero de 1882, es iluminado por primera vez con l\u00e1mparas el\u00e9ctricas un \u00e1rbol de Navidad, en el hogar de Edward Johnson, un socio"},"footnotes":""},"categories":[27],"tags":[],"class_list":["post-32523","post","type-post","status-publish","format-standard","has-post-thumbnail","hentry","category-un-dia-como-hoy"],"acf":[],"_links":{"self":[{"href":"https:\/\/www.opinionpublica.tv\/portada\/wp-json\/wp\/v2\/posts\/32523","targetHints":{"allow":["GET"]}}],"collection":[{"href":"https:\/\/www.opinionpublica.tv\/portada\/wp-json\/wp\/v2\/posts"}],"about":[{"href":"https:\/\/www.opinionpublica.tv\/portada\/wp-json\/wp\/v2\/types\/post"}],"author":[{"embeddable":true,"href":"https:\/\/www.opinionpublica.tv\/portada\/wp-json\/wp\/v2\/users\/6"}],"replies":[{"embeddable":true,"href":"https:\/\/www.opinionpublica.tv\/portada\/wp-json\/wp\/v2\/comments?post=32523"}],"version-history":[{"count":0,"href":"https:\/\/www.opinionpublica.tv\/portada\/wp-json\/wp\/v2\/posts\/32523\/revisions"}],"wp:featuredmedia":[{"embeddable":true,"href":"https:\/\/www.opinionpublica.tv\/portada\/wp-json\/wp\/v2\/media\/32522"}],"wp:attachment":[{"href":"https:\/\/www.opinionpublica.tv\/portada\/wp-json\/wp\/v2\/media?parent=32523"}],"wp:term":[{"taxonomy":"category","embeddable":true,"href":"https:\/\/www.opinionpublica.tv\/portada\/wp-json\/wp\/v2\/categories?post=32523"},{"taxonomy":"post_tag","embeddable":true,"href":"https:\/\/www.opinionpublica.tv\/portada\/wp-json\/wp\/v2\/tags?post=32523"}],"curies":[{"name":"wp","href":"https:\/\/api.w.org\/{rel}","templated":true}]}}