{"id":3247,"date":"2016-08-28T06:00:00","date_gmt":"2016-08-28T04:00:00","guid":{"rendered":"https:\/\/www.opinionpublica.tv\/portada\/2016\/08\/28\/los-diez-momentos-que-marcaron-la-vida-del-divo-de-juarez\/"},"modified":"2016-08-28T06:00:00","modified_gmt":"2016-08-28T04:00:00","slug":"los-diez-momentos-que-marcaron-la-vida-del-divo-de-juarez","status":"publish","type":"post","link":"https:\/\/www.opinionpublica.tv\/portada\/los-diez-momentos-que-marcaron-la-vida-del-divo-de-juarez\/","title":{"rendered":"Los diez momentos que marcaron la vida del \u2018Divo de Ju\u00e1rez\u2019"},"content":{"rendered":"<p><img fetchpriority=\"high\" decoding=\"async\" class=\" size-full wp-image-3241\" src=\"https:\/\/www.opinionpublica.tv\/portada\/wp-content\/uploads\/2016\/08\/5b5c10f7fe06d31e77fe35c202238a79.jpg\" alt=\"\" width=\"620\" height=\"480\" srcset=\"https:\/\/www.opinionpublica.tv\/portada\/wp-content\/uploads\/2016\/08\/5b5c10f7fe06d31e77fe35c202238a79.jpg 620w, https:\/\/www.opinionpublica.tv\/portada\/wp-content\/uploads\/2016\/08\/5b5c10f7fe06d31e77fe35c202238a79-300x232.jpg 300w\" sizes=\"(max-width: 620px) 100vw, 620px\" \/><\/p>\n<p style=\"text-align: justify;\">Han pasado apenas unas horas del fallecimiento del \u2018Divo de Ju\u00e1rez\u2019, y queda muy claro que su vida fue tan vasta como su obra. Durante sus 66 a\u00f1os de vida, que este domingo culminaron, tuvo algunos momentos memorables que hicieron y fortalecieron al ser humano\u00a0Alberto Aguilera Valadez\u00a0convertido a partir de este d\u00eda en una leyenda de nombre\u00a0Juan Gabriel.<\/p>\n<p><!--more--><\/p>\n<p style=\"text-align: justify;\">De la pobreza m\u00e1s \u00ednfima a la gloria m\u00e1s grande, el cantautor cari\u00f1osamente llamado el \u00abDivo de Ju\u00e1rez\u00bb tuvo diez momentos que marcaron su vida.<\/p>\n<p style=\"text-align: justify;\">1.- En sus inicios, en el ocaso de la d\u00e9cada de los 60, cuando se hac\u00eda llamar\u00a0Adan Luna\u00a0y lleg\u00f3 a debutar a los 16 a\u00f1os en el bar\u00a0Noa Noa\u00a0de Ciudad Ju\u00e1rez, en su llegada a la Ciudad de M\u00e9xico tuvo que pernoctar en una banda de la\u00a0Alameda Central\u00a0y en la\u00a0Bas\u00edlica de Guadalupe, por falta de dinero. Luego fue injustamente acusado de robo y encarcelado en la entonces\u00a0Penitenciaria de Lecumberri.<\/p>\n<p style=\"text-align: justify;\">2.- En ese entonces y gracias a la intervenci\u00f3n de\u00a0Queta Jim\u00e9nez \u00abLa Prieta Linda\u00bb\u00a0logr\u00f3 salir libre y lo llev\u00f3 ante ejecutivos de la discogr\u00e1fica\u00a0RCA\u00a0y as\u00ed firmar su primera producci\u00f3n discogr\u00e1fica, editada en 1971 y con su primer \u00e9xito \u00abNo tengo dinero\u00bb.<\/p>\n<p style=\"text-align: justify;\">\u00a0<\/p>\n<p style=\"text-align: justify;\"><img decoding=\"async\" class=\" size-full wp-image-3242\" src=\"https:\/\/www.opinionpublica.tv\/portada\/wp-content\/uploads\/2016\/08\/juanga3.jpg\" width=\"620\" height=\"430\" srcset=\"https:\/\/www.opinionpublica.tv\/portada\/wp-content\/uploads\/2016\/08\/juanga3.jpg 620w, https:\/\/www.opinionpublica.tv\/portada\/wp-content\/uploads\/2016\/08\/juanga3-300x208.jpg 300w\" sizes=\"(max-width: 620px) 100vw, 620px\" \/><\/p>\n<p style=\"text-align: justify;\">\u00a0<\/p>\n<p style=\"text-align: justify;\">3.- En 1974 lanza su primer disco acompa\u00f1ado por el\u00a0Mariachi Vargas de Tecalitl\u00e1n; se lanza como primer sencillo el tema \u00abSe me olvid\u00f3 otra vez\u00bb, que a la postre se convertir\u00eda en uno de los temas rancheros m\u00e1s conocidos en todo el mundo.<\/p>\n<p style=\"text-align: justify;\">4.- Era el 18 de marzo de 1979 le cant\u00f3 en persona a su admirada\u00a0Mar\u00eda F\u00e9lix\u00a0en \u00abSiempre en Domingo\u00bb, donde le dedic\u00f3 su tema \u00abMar\u00eda de todas las Mar\u00edas\u00bb.<\/p>\n<p style=\"text-align: justify;\">\u00a0<\/p>\n<p style=\"text-align: justify;\"><img decoding=\"async\" class=\" size-full wp-image-3243\" src=\"https:\/\/www.opinionpublica.tv\/portada\/wp-content\/uploads\/2016\/08\/Captura_de_pantalla_20160828_a_las_110221_PM.png\" width=\"537\" height=\"421\" srcset=\"https:\/\/www.opinionpublica.tv\/portada\/wp-content\/uploads\/2016\/08\/Captura_de_pantalla_20160828_a_las_110221_PM.png 537w, https:\/\/www.opinionpublica.tv\/portada\/wp-content\/uploads\/2016\/08\/Captura_de_pantalla_20160828_a_las_110221_PM-300x235.png 300w\" sizes=\"(max-width: 537px) 100vw, 537px\" \/><\/p>\n<p style=\"text-align: justify;\">\u00a0<\/p>\n<p style=\"text-align: justify;\">5.- Su canci\u00f3n \u00abAmor eterno\u00bb, uno de su m\u00e1s grandes \u00e9xitos, est\u00e1 dedicado a su madre,\u00a0Victoria Valadez, quien falleci\u00f3 el 27 de diciembre de 1974.<\/p>\n<p style=\"text-align: justify;\">\u00a0<\/p>\n<p style=\"text-align: justify;\"><img loading=\"lazy\" decoding=\"async\" class=\" size-full wp-image-3244\" src=\"https:\/\/www.opinionpublica.tv\/portada\/wp-content\/uploads\/2016\/08\/juanga2.jpg\" width=\"412\" height=\"334\" srcset=\"https:\/\/www.opinionpublica.tv\/portada\/wp-content\/uploads\/2016\/08\/juanga2.jpg 320w, https:\/\/www.opinionpublica.tv\/portada\/wp-content\/uploads\/2016\/08\/juanga2-300x244.jpg 300w\" sizes=\"(max-width: 412px) 100vw, 412px\" \/><\/p>\n<p style=\"text-align: justify;\">\u00a0<\/p>\n<p style=\"text-align: justify;\">6.- En 1982 estrena \u00abEs mi vida\u00bb, una de las pel\u00edculas donde particip\u00f3 y que trata sobre sus duros inicios en la m\u00fasica, que \u00e9l mismo protagoniza y fue dirigida por Gonzalo Mart\u00ednez Ortega.<\/p>\n<p style=\"text-align: justify;\">7.- Juan Gabriel comenz\u00f3 el decenio de los noventa con una hist\u00f3rica presentaci\u00f3n en el\u00a0Palacio de Bellas Artes\u00a0de esta ciudad, con recitales el 27, 28, 29 y 30 de noviembre de 1990, donde cant\u00f3 acompa\u00f1ado por la\u00a0Orquesta Sinf\u00f3nica Nacional de M\u00e9xico. En este mismo recinto se present\u00f3 nuevamente -pese a la pol\u00e9mica que gener\u00f3, por ser el primer cantante \u201cpopular\u201d en actuar en este recinto- en agosto de 1997, para grabar un disco en vivo titulado \u00abCelebrando 25 A\u00f1os de Juan Gabriel en el Palacio de Bellas Artes\u00bb.<\/p>\n<p style=\"text-align: justify;\">\u00a0<\/p>\n<p style=\"text-align: justify;\"><img loading=\"lazy\" decoding=\"async\" class=\" size-full wp-image-3245\" src=\"https:\/\/www.opinionpublica.tv\/portada\/wp-content\/uploads\/2016\/08\/juanga7.jpg\" width=\"392\" height=\"392\" srcset=\"https:\/\/www.opinionpublica.tv\/portada\/wp-content\/uploads\/2016\/08\/juanga7.jpg 227w, https:\/\/www.opinionpublica.tv\/portada\/wp-content\/uploads\/2016\/08\/juanga7-150x150.jpg 150w\" sizes=\"(max-width: 392px) 100vw, 392px\" \/><\/p>\n<p style=\"text-align: justify;\">\u00a0<\/p>\n<p style=\"text-align: justify;\">8.- En 1993, tras romper con Televisa por no aceptar ser \u00abexclusivo\u00bb de la televisora, se presenta con su show en la fiesta inaugural de\u00a0TV Azteca, en sus instalaciones del Ajusco.\u00a0<\/p>\n<p style=\"text-align: justify;\">9.- Particip\u00f3 con un fallido \u00abjingle\u00bb en la disputada contienda electoral de 2000, en donde se termin\u00f3 con casi ocho d\u00e9cadas de hegemon\u00eda pri\u00edsta en nuestro pa\u00eds.\u00a0Con el tema \u00abNi Temoc, Ni Chente, Francisco va a ser el Presidente\u00bb utilizado en varios spots de campa\u00f1a, el m\u00fasico se puso del lado del Revolucionario Institucional y Labastida, al menos durante el curso de dicha campa\u00f1a.<\/p>\n<p style=\"text-align: justify;\">\u00a0<\/p>\n<p style=\"text-align: justify;\"><img loading=\"lazy\" decoding=\"async\" class=\" size-full wp-image-3246\" src=\"https:\/\/www.opinionpublica.tv\/portada\/wp-content\/uploads\/2016\/08\/juanga6.jpg\" width=\"480\" height=\"360\" srcset=\"https:\/\/www.opinionpublica.tv\/portada\/wp-content\/uploads\/2016\/08\/juanga6.jpg 480w, https:\/\/www.opinionpublica.tv\/portada\/wp-content\/uploads\/2016\/08\/juanga6-300x225.jpg 300w\" sizes=\"(max-width: 480px) 100vw, 480px\" \/><\/p>\n<p style=\"text-align: justify;\">\u00a0<\/p>\n<p style=\"text-align: justify;\">10.- En une entrevista televisiva se le pregunt\u00f3 si era gay y se limit\u00f3 a responder: \u00abLo que se ve no se pregunta\u00bb, que muchos interpretaron como afirmaci\u00f3n.<\/p>\n<p style=\"text-align: justify;\">De esta manera, inicia a partir de este 28 de agosto de 2016 una leyenda en la cultura popular mexicana, que desde M\u00e9xico trascendi\u00f3 a todo el mundo.<\/p>\n<p style=\"text-align: justify;\">Exc\u00e9lsior.<\/p>\n","protected":false},"excerpt":{"rendered":"<p>Han pasado apenas unas horas del fallecimiento del \u2018Divo de Ju\u00e1rez\u2019, y queda muy claro que su vida fue tan vasta como su obra. Durante sus 66 a\u00f1os de vida, que este domingo culminaron, tuvo algunos momentos memorables que hicieron y fortalecieron al ser humano\u00a0Alberto Aguilera Valadez\u00a0convertido a partir de este d\u00eda en una leyenda [&hellip;]<\/p>\n","protected":false},"author":5,"featured_media":3241,"comment_status":"open","ping_status":"open","sticky":false,"template":"","format":"standard","meta":{"_acf_changed":false,"_monsterinsights_skip_tracking":false,"slim_seo":{"title":"Los diez momentos que marcaron la vida del \u2018Divo de Ju\u00e1rez\u2019 - Opini\u00f3n P\u00fablica","description":"Han pasado apenas unas horas del fallecimiento del \u2018Divo de Ju\u00e1rez\u2019, y queda muy claro que su vida fue tan vasta como su obra. Durante sus 66 a\u00f1os de vida, que"},"footnotes":""},"categories":[3],"tags":[],"class_list":["post-3247","post","type-post","status-publish","format-standard","has-post-thumbnail","hentry","category-principal"],"acf":[],"_links":{"self":[{"href":"https:\/\/www.opinionpublica.tv\/portada\/wp-json\/wp\/v2\/posts\/3247","targetHints":{"allow":["GET"]}}],"collection":[{"href":"https:\/\/www.opinionpublica.tv\/portada\/wp-json\/wp\/v2\/posts"}],"about":[{"href":"https:\/\/www.opinionpublica.tv\/portada\/wp-json\/wp\/v2\/types\/post"}],"author":[{"embeddable":true,"href":"https:\/\/www.opinionpublica.tv\/portada\/wp-json\/wp\/v2\/users\/5"}],"replies":[{"embeddable":true,"href":"https:\/\/www.opinionpublica.tv\/portada\/wp-json\/wp\/v2\/comments?post=3247"}],"version-history":[{"count":0,"href":"https:\/\/www.opinionpublica.tv\/portada\/wp-json\/wp\/v2\/posts\/3247\/revisions"}],"wp:featuredmedia":[{"embeddable":true,"href":"https:\/\/www.opinionpublica.tv\/portada\/wp-json\/wp\/v2\/media\/3241"}],"wp:attachment":[{"href":"https:\/\/www.opinionpublica.tv\/portada\/wp-json\/wp\/v2\/media?parent=3247"}],"wp:term":[{"taxonomy":"category","embeddable":true,"href":"https:\/\/www.opinionpublica.tv\/portada\/wp-json\/wp\/v2\/categories?post=3247"},{"taxonomy":"post_tag","embeddable":true,"href":"https:\/\/www.opinionpublica.tv\/portada\/wp-json\/wp\/v2\/tags?post=3247"}],"curies":[{"name":"wp","href":"https:\/\/api.w.org\/{rel}","templated":true}]}}