{"id":3240,"date":"2016-08-28T06:00:00","date_gmt":"2016-08-28T04:00:00","guid":{"rendered":"https:\/\/www.opinionpublica.tv\/portada\/2016\/08\/28\/con-su-muerte-nace-ahora-la-leyenda-de-juan-gabriel\/"},"modified":"2016-08-28T06:00:00","modified_gmt":"2016-08-28T04:00:00","slug":"con-su-muerte-nace-ahora-la-leyenda-de-juan-gabriel","status":"publish","type":"post","link":"https:\/\/www.opinionpublica.tv\/portada\/con-su-muerte-nace-ahora-la-leyenda-de-juan-gabriel\/","title":{"rendered":"Con su muerte nace ahora la leyenda de Juan Gabriel"},"content":{"rendered":"<p><img fetchpriority=\"high\" decoding=\"async\" class=\" size-full wp-image-3239\" src=\"https:\/\/www.opinionpublica.tv\/portada\/wp-content\/uploads\/2016\/08\/43c6e15bea11d9c1fe75f6370f3300c4.jpg\" alt=\"\" width=\"665\" height=\"500\" srcset=\"https:\/\/www.opinionpublica.tv\/portada\/wp-content\/uploads\/2016\/08\/43c6e15bea11d9c1fe75f6370f3300c4.jpg 665w, https:\/\/www.opinionpublica.tv\/portada\/wp-content\/uploads\/2016\/08\/43c6e15bea11d9c1fe75f6370f3300c4-300x226.jpg 300w\" sizes=\"(max-width: 665px) 100vw, 665px\" \/><\/p>\n<p style=\"text-align: justify;\">Alberto Aguilera Valadez, conocido en todo el mundo como Juan Gabriel, naci\u00f3 el 7 de enero de 1950 en Par\u00e1cuaro, Michoac\u00e1n, toc\u00f3 las teclas del alma mexicana como muy pocos a lo largo de su historia. Y no fue f\u00e1cil. En un pa\u00eds de sangre y tormento, el \u2018Divo de Ju\u00e1rez\u2019 parec\u00eda destinado a estrellarse contra el muro de los prejuicios.<\/p>\n<p><!--more--><\/p>\n<p style=\"text-align: justify;\">Frente a las canciones de pelo en pecho, su presencia felina, sus ademanes delicados, sus imposibles y vaporosas camisas, le hac\u00edan el candidato perfecto para el escarnio.\u2028\u2028Pero nada de ello le fren\u00f3. Con su m\u00fasica, un desbordante maridaje de guitarras y alm\u00edbar, logr\u00f3 quebrar toda resistencia.<\/p>\n<p style=\"text-align: justify;\">Por encima de tendencias pol\u00edticas, m\u00e1s all\u00e1 de regionalismos e incluso de gustos, hizo de s\u00ed mismo un sentimiento compartido en el que gran parte del pa\u00eds se reconoc\u00eda. Sus conciertos eran acontecimientos masivos que duraban horas y concitaban olas de un entusiasmo cicl\u00f3peo.<\/p>\n<p style=\"text-align: justify;\">En esos momentos, excesivo y pol\u00edcromo, era el rey.\u2028\u2028El misterio de esa fuerza hay que buscarlo en su propia vida. Como tantas veces sucede, su estrella emergi\u00f3 de los escombros.<\/p>\n<p style=\"text-align: justify;\">Fue el menor de 10 hermanos de una familia campesina y pobre de Michoac\u00e1n. Al poco de nacer, su padre enloqueci\u00f3, y para rematar el cuadro, el peque\u00f1o Alberto, tras un agrio peregrinaje, recal\u00f3 a los cinco a\u00f1os en una instituci\u00f3n social, lejos de su madre y enfrent\u00e1ndose al mundo hostil del olvido.<\/p>\n<p style=\"text-align: justify;\">Ah\u00ed aprendi\u00f3 m\u00fasica y de ah\u00ed tambi\u00e9n escap\u00f3 a los 13 a\u00f1os para regresar con su progenitora y vender burritos por las calles de Ciudad Ju\u00e1rez.<\/p>\n<p style=\"text-align: justify;\">Pudo entonces haberse perdido para siempre en la corriente de los d\u00edas. Pero el fuego de la m\u00fasica tir\u00f3 de \u00e9l. Compositor compulsivo, viaj\u00f3 por todo el pa\u00eds para ofrecer sus canciones.<\/p>\n<p style=\"text-align: justify;\">Quienes le conocieron en esa etapa inaugural le recuerdan como un joven bonach\u00f3n y entregado, alguien dispuesto a lo que fuera por hacerse o\u00edr.<\/p>\n<p style=\"text-align: justify;\">Un idealista o una presa f\u00e1cil, seg\u00fan se mire.\u2028\u2028Paso a paso, bajo el nombre art\u00edstico de Ad\u00e1n Luna, se abri\u00f3 camino. En los bares y salas de mal amanecer empez\u00f3 a hacerse un nombre.<\/p>\n<p style=\"text-align: justify;\">El futuro parec\u00eda despejarse cuando le alcanz\u00f3 la pu\u00f1alada que le marcar\u00eda de por vida.\u2028\u2028En la Ciudad de M\u00e9xico fue acusado de robo e ingres\u00f3 en la penitenciar\u00eda de Lecumberri. 18 meses de cautiverio. Ah\u00ed termin\u00f3 de fraguarse su alma de superviviente.<\/p>\n<p style=\"text-align: justify;\">Durante aquel tiempo nunca dej\u00f3 de tocar. Entre barrotes, su pasi\u00f3n llam\u00f3 la atenci\u00f3n del propio director del centro, quien, tras revisar su caso, le ayud\u00f3 a salir. En su expediente, nunca figur\u00f3 condena alguna.<\/p>\n<p style=\"text-align: justify;\">Una vez fuera, cambi\u00f3 de nombre y naci\u00f3 Juan Gabriel. Lejos de arredrarse, mostr\u00f3 a cuantos pudo su repertorio, tuvo apoyos, convenci\u00f3 a las discogr\u00e1ficas. Ya demasiadas veces roto, se torn\u00f3 indestructible.<\/p>\n<p style=\"text-align: justify;\">En 1971 logr\u00f3 su primer \u00e9xito. La canci\u00f3n, c\u00f3mo no, se titulaba \u2018No Tengo Dinero\u2019. A partir de entonces, la fama nunca le abandon\u00f3. Y tampoco su historia, de la que jam\u00e1s reneg\u00f3.<\/p>\n<p style=\"text-align: justify;\">A\u00fan as\u00ed, pese a los focos y su amor intenso a los escenarios, fue una personalidad reservada. El misterio de su sexualidad, el p\u00e1nico a las entrevistas, su ocultamiento bajo el maquillaje de una felicidad f\u00e1cil aumentaron su leyenda.<\/p>\n<p style=\"text-align: justify;\">Los que le trataron siempre han hablado de la existencia de dos Juan Gabriel diametralmente opuestos. El p\u00fablico y el privado. A la mayor\u00eda s\u00f3lo les fue dado a conocer el primero.<\/p>\n<p style=\"text-align: justify;\">El segundo, el que muri\u00f3 de un infarto este domingo en California, a\u00fan tardar\u00e1 en emerger. Pero poco importa. Con el primero bast\u00f3. En sus baladas, boleros, rancheras, huapangos, rumbas, sones y salsas, Alberto Aguilera Valadez, m\u00e1s conocido como Juan Gabriel, hizo m\u00fasica de su alma. Y con ella, bail\u00f3 M\u00e9xico.<\/p>\n","protected":false},"excerpt":{"rendered":"<p>Alberto Aguilera Valadez, conocido en todo el mundo como Juan Gabriel, naci\u00f3 el 7 de enero de 1950 en Par\u00e1cuaro, Michoac\u00e1n, toc\u00f3 las teclas del alma mexicana como muy pocos a lo largo de su historia. Y no fue f\u00e1cil. En un pa\u00eds de sangre y tormento, el \u2018Divo de Ju\u00e1rez\u2019 parec\u00eda destinado a estrellarse [&hellip;]<\/p>\n","protected":false},"author":5,"featured_media":3239,"comment_status":"open","ping_status":"open","sticky":false,"template":"","format":"standard","meta":{"_acf_changed":false,"_monsterinsights_skip_tracking":false,"slim_seo":{"title":"Con su muerte nace ahora la leyenda de Juan Gabriel - Opini\u00f3n P\u00fablica","description":"Alberto Aguilera Valadez, conocido en todo el mundo como Juan Gabriel, naci\u00f3 el 7 de enero de 1950 en Par\u00e1cuaro, Michoac\u00e1n, toc\u00f3 las teclas del alma mexicana co"},"footnotes":""},"categories":[14],"tags":[],"class_list":["post-3240","post","type-post","status-publish","format-standard","has-post-thumbnail","hentry","category-historias"],"acf":[],"_links":{"self":[{"href":"https:\/\/www.opinionpublica.tv\/portada\/wp-json\/wp\/v2\/posts\/3240","targetHints":{"allow":["GET"]}}],"collection":[{"href":"https:\/\/www.opinionpublica.tv\/portada\/wp-json\/wp\/v2\/posts"}],"about":[{"href":"https:\/\/www.opinionpublica.tv\/portada\/wp-json\/wp\/v2\/types\/post"}],"author":[{"embeddable":true,"href":"https:\/\/www.opinionpublica.tv\/portada\/wp-json\/wp\/v2\/users\/5"}],"replies":[{"embeddable":true,"href":"https:\/\/www.opinionpublica.tv\/portada\/wp-json\/wp\/v2\/comments?post=3240"}],"version-history":[{"count":0,"href":"https:\/\/www.opinionpublica.tv\/portada\/wp-json\/wp\/v2\/posts\/3240\/revisions"}],"wp:featuredmedia":[{"embeddable":true,"href":"https:\/\/www.opinionpublica.tv\/portada\/wp-json\/wp\/v2\/media\/3239"}],"wp:attachment":[{"href":"https:\/\/www.opinionpublica.tv\/portada\/wp-json\/wp\/v2\/media?parent=3240"}],"wp:term":[{"taxonomy":"category","embeddable":true,"href":"https:\/\/www.opinionpublica.tv\/portada\/wp-json\/wp\/v2\/categories?post=3240"},{"taxonomy":"post_tag","embeddable":true,"href":"https:\/\/www.opinionpublica.tv\/portada\/wp-json\/wp\/v2\/tags?post=3240"}],"curies":[{"name":"wp","href":"https:\/\/api.w.org\/{rel}","templated":true}]}}