{"id":3236,"date":"2016-08-28T06:00:00","date_gmt":"2016-08-28T04:00:00","guid":{"rendered":"https:\/\/www.opinionpublica.tv\/portada\/2016\/08\/28\/a-ciudad-juarez-juan-gabriel\/"},"modified":"2016-08-28T06:00:00","modified_gmt":"2016-08-28T04:00:00","slug":"a-ciudad-juarez-juan-gabriel","status":"publish","type":"post","link":"https:\/\/www.opinionpublica.tv\/portada\/a-ciudad-juarez-juan-gabriel\/","title":{"rendered":"A Ciudad Ju\u00e1rez &#8211; Juan Gabriel"},"content":{"rendered":"<p><img fetchpriority=\"high\" decoding=\"async\" class=\" size-full wp-image-3235\" src=\"https:\/\/www.opinionpublica.tv\/portada\/wp-content\/uploads\/2016\/08\/a7f4220debd56f6a9630663235912fb6.jpg\" alt=\"\" width=\"519\" height=\"314\" srcset=\"https:\/\/www.opinionpublica.tv\/portada\/wp-content\/uploads\/2016\/08\/a7f4220debd56f6a9630663235912fb6.jpg 519w, https:\/\/www.opinionpublica.tv\/portada\/wp-content\/uploads\/2016\/08\/a7f4220debd56f6a9630663235912fb6-300x182.jpg 300w\" sizes=\"(max-width: 519px) 100vw, 519px\" \/><\/p>\n<p style=\"text-align: justify;\">Con motivo de la visita de Francisco a la ciudad, Juan Gabriel decidi\u00f3 componer dicho tema a los habitantes juarenses.<\/p>\n<p>En el video aparecen lugares simb\u00f3licos de la ciudad, as\u00ed como Arturo Damasco quien pint\u00f3 el mural del cantante.<\/p>\n<p>Cabe mencionar que este trabajo fue producido y dirigido por el talento fronterizo de Jes\u00fas Ochoa.<\/p>\n<div class=\"k2_video\"><iframe title=\"A CIUDAD JUAREZ - JUAN GABRIEL\" width=\"800\" height=\"450\" src=\"https:\/\/www.youtube.com\/embed\/VLpVygtTz-A?feature=oembed\" frameborder=\"0\" allow=\"accelerometer; autoplay; clipboard-write; encrypted-media; gyroscope; picture-in-picture; web-share\" referrerpolicy=\"strict-origin-when-cross-origin\" allowfullscreen><\/iframe>\n<\/div>\n","protected":false},"excerpt":{"rendered":"<p>Con motivo de la visita de Francisco a la ciudad, Juan Gabriel decidi\u00f3 componer dicho tema a los habitantes juarenses. En el video aparecen lugares simb\u00f3licos de la ciudad, as\u00ed como Arturo Damasco quien pint\u00f3 el mural del cantante. Cabe mencionar que este trabajo fue producido y dirigido por el talento fronterizo de Jes\u00fas Ochoa.<\/p>\n","protected":false},"author":6,"featured_media":3235,"comment_status":"open","ping_status":"open","sticky":false,"template":"","format":"standard","meta":{"_acf_changed":false,"_monsterinsights_skip_tracking":false,"slim_seo":{"title":"A Ciudad Ju\u00e1rez - Juan Gabriel - Opini\u00f3n P\u00fablica","description":"Con motivo de la visita de Francisco a la ciudad, Juan Gabriel decidi\u00f3 componer dicho tema a los habitantes juarenses. En el video aparecen lugares simb\u00f3licos d"},"footnotes":""},"categories":[8],"tags":[],"class_list":["post-3236","post","type-post","status-publish","format-standard","has-post-thumbnail","hentry","category-videos"],"acf":[],"_links":{"self":[{"href":"https:\/\/www.opinionpublica.tv\/portada\/wp-json\/wp\/v2\/posts\/3236","targetHints":{"allow":["GET"]}}],"collection":[{"href":"https:\/\/www.opinionpublica.tv\/portada\/wp-json\/wp\/v2\/posts"}],"about":[{"href":"https:\/\/www.opinionpublica.tv\/portada\/wp-json\/wp\/v2\/types\/post"}],"author":[{"embeddable":true,"href":"https:\/\/www.opinionpublica.tv\/portada\/wp-json\/wp\/v2\/users\/6"}],"replies":[{"embeddable":true,"href":"https:\/\/www.opinionpublica.tv\/portada\/wp-json\/wp\/v2\/comments?post=3236"}],"version-history":[{"count":0,"href":"https:\/\/www.opinionpublica.tv\/portada\/wp-json\/wp\/v2\/posts\/3236\/revisions"}],"wp:featuredmedia":[{"embeddable":true,"href":"https:\/\/www.opinionpublica.tv\/portada\/wp-json\/wp\/v2\/media\/3235"}],"wp:attachment":[{"href":"https:\/\/www.opinionpublica.tv\/portada\/wp-json\/wp\/v2\/media?parent=3236"}],"wp:term":[{"taxonomy":"category","embeddable":true,"href":"https:\/\/www.opinionpublica.tv\/portada\/wp-json\/wp\/v2\/categories?post=3236"},{"taxonomy":"post_tag","embeddable":true,"href":"https:\/\/www.opinionpublica.tv\/portada\/wp-json\/wp\/v2\/tags?post=3236"}],"curies":[{"name":"wp","href":"https:\/\/api.w.org\/{rel}","templated":true}]}}