{"id":3216,"date":"2016-08-28T06:00:00","date_gmt":"2016-08-28T04:00:00","guid":{"rendered":"https:\/\/www.opinionpublica.tv\/portada\/2016\/08\/28\/cnte-peje-morena-cual-reforma-educativa\/"},"modified":"2016-08-28T06:00:00","modified_gmt":"2016-08-28T04:00:00","slug":"cnte-peje-morena-cual-reforma-educativa","status":"publish","type":"post","link":"https:\/\/www.opinionpublica.tv\/portada\/cnte-peje-morena-cual-reforma-educativa\/","title":{"rendered":"\u201cCNTE-Peje-MoReNa\u201d: \u00bfCu\u00e1l Reforma Educativa\u2026?"},"content":{"rendered":"<p style=\"text-align: justify;\">Se\u00f1ales cambiantes se dan en la din\u00e1mica pol\u00edtica con ruta al 2018 mexicano. Un escenario que se ven\u00eda perfilando con nitidez era el avance demoledor de la CNTE-Peje-MoReNa-, sobre todo despu\u00e9s de la \u201cNoche Triste de Nochixtl\u00e1n\u201d, para la administraci\u00f3n de Enrique Pe\u00f1a Nieto, fecha emblem\u00e1tica que parecer\u00eda poner en su momento en camino irreversible de triunfo a la ecuaci\u00f3n partidista-movimientista arriba mencionada.<\/p>\n<p><!--more--><\/p>\n<p style=\"text-align: justify;\">La provocaci\u00f3n fue perfecta en sus consecuencias, como as\u00ed como afirma Ricardo Alem\u00e1n: \u201c\u2026Como saben, los muertos llegaron con el montaje de enfrentamiento en Nochixtl\u00e1n, lo que se convirti\u00f3 en la puntilla para una larga y feroz campa\u00f1a de descr\u00e9dito del gobierno de Pe\u00f1a Nieto&#8230;\u201d<\/p>\n<p style=\"text-align: justify;\">\u201c\u2026Hoy la campa\u00f1a para demoler la imagen de Pe\u00f1a Nieto est\u00e1 casi acabada y pocos quieren ver la realidad, a pesar de que desde ese mismo 29 de abril de 2013 hemos documentado el montaje y exhibido las pruebas de que AMLO es el jefe de la pandilla&#8230;\u201d<\/p>\n<p style=\"text-align: justify;\">El gobierno de EPN vive un ritmo descendente incontenible de desprestigio y desprecio ante la Opini\u00f3n P\u00fablica, sus indicadores son negativos sin maquillaje posible, tan es as\u00ed que en un hecho in\u00e9dito, respondiendo al vandalismo estilo APPO de la CNTE, los empresarios aglutinados en el Consejo Coordinador Empresarial, el CCE, promovieron un amparo ante el Poder Judicial de la Federaci\u00f3n, con el prop\u00f3sito de obligar a cumplir la Ley al gobierno de la Rep\u00fablica, tan vapuleado por la corrupci\u00f3n, violaci\u00f3n a los derechos humanos y la impunidad correspondientes. El choque polar entre el CCE y la CNTE se perfilaba como un verdadero encontronazo de trenes, con un \u201cjuez\u201d menguado y pasmado, el gobierno debilitado de EPN.<\/p>\n<p style=\"text-align: justify;\">Seg\u00fan el mismo Ricardo Alem\u00e1n, \u201c\u2026Hace mil 216 d\u00edas, o si prefieren, hace tres a\u00f1os y cuatro meses, dijimos que a AMLO y a la mafiosa CNTE no les preocupan la educaci\u00f3n y menos el futuro de los ni\u00f1os de Oaxaca, Chiapas, Guerrero y Michoac\u00e1n, sino que \u201capuestan a la desestabilizaci\u00f3n social, al clima de zozobra, al choque con la fuerza p\u00fablica y, sobre todo, a conseguir un m\u00e1rtir que justifique la hoy injustificable agitaci\u00f3n, el vandalismo\u2026\u201d<\/p>\n<p style=\"text-align: justify;\">\u201c\u2026Las manos perversas detr\u00e1s de la desestabilizaci\u00f3n buscan un muerto que se convierta en estandarte contra \u2018la represi\u00f3n del gobierno de Enrique Pe\u00f1a Nieto\u2019 y que d\u00e9 sentido a un nuevo movimiento social pol\u00edtico y electoral, capaz de sobrevivir hasta julio de 2018. \u00bfY para qu\u00e9 un muerto?&#8230;\u201d<\/p>\n<p style=\"text-align: justify;\">\u201c\u2026Porque un muerto ser\u00eda la mejor bandera para \u2018legitimar\u2019 una lucha social, pol\u00edtica y electoral, capaz de competir contra el hasta hoy (entonces) exitoso y eficaz gobierno de Enrique Pe\u00f1a Nieto. Un muerto ser\u00eda el pretexto ideal para convocar a una revuelta nacional contra el gobierno, al estilo de la que llev\u00f3 al poder al ignorante macho cabr\u00edo llamado Evo Morales, en Bolivia\u2026\u201d<\/p>\n<p style=\"text-align: justify;\">Resulta harto evidente hoy, que la CNTE en el inicio del Ciclo Escolar 2016-2017, no obtuvo ni por mucho los resultados esperados, es decir, impedir el retorno a las aulas de un universo cuantitativo aproximado de 5 millones de ni\u00f1os mexicanos, logrando \u201csolamente\u201d contener en sus respectivos hogares a una cantidad cercana a 1 mill\u00f3n 250 mil infantes escolares. Tampoco se impact\u00f3 en las pretendidas cinco entidades federativas que la estrategia de movilizaci\u00f3n persegu\u00eda de principio, reduci\u00e9ndose a sus trincheras tradicionales de los estados de Oaxaca y Chiapas, en las cuales habr\u00eda que observar que tampoco obtuvieron la aplanadora de movilizaci\u00f3n buscada.<\/p>\n<p style=\"text-align: justify;\">La CNTE-AMLO-MoReNa, como movimiento pol\u00edtico est\u00e1 hoy totalmente al descubierto en sus ambiciones hacia el 2018, es absolutamente comprensible y archisabida la intenci\u00f3n del Peje y su \u2013literalmente posesivo- partido, sin embargo, la CNTE a\u00fan se mueve en una especie de \u201ccamaleonismo\u201d que se transmuta a conveniencia desde una aparente racionalidad educativa hacia una acci\u00f3n pol\u00edtica de masas, con desparpajado desacato a la Ley.<\/p>\n<p style=\"text-align: justify;\">Guillermo Sheridan, siempre agradable a la inteligencia ir\u00f3nica afirma, \u201c\u2026desde que el pasado mes de junio Andr\u00e9s Manuel L\u00f3pez Obrador decidi\u00f3 democr\u00e1ticamente que su partido pol\u00edtico, MORENA, apoyar\u00eda en su lucha a la Coordinadora Nacional de Trabajadores de la Educaci\u00f3n, la CNTE, sus dignos, cuanto abundantes ide\u00f3logos est\u00e1n de pl\u00e1cemes. MORENA, anuncia con orgullo, es un partido que, al abrazar verdaderos movimientos sociales como la CNTE, se ha convertido en un \u201cpartido-movimiento\u201d capaz de lograr para M\u00e9xico una aut\u00e9ntica democracia, como la que disfrutan pa\u00edses hermanos como Bolivia, Ecuador, Venezuela o Nicaragua, democr\u00e1ticos en serio, que ya gobiernan partidos-movimientos\u2026\u201d<\/p>\n<p style=\"text-align: justify;\">Imag\u00ednese Usted. Habr\u00e1 que volver a ponderar la posibilidad y el escenario del \u201cchoque de trenes\u201d con ruta al 2018, vislumbrado entre los grandes intereses cupulares y civiles del CCE, confrontados a la l\u00ednea de masas del populismo radical de la CNTE.<\/p>\n","protected":false},"excerpt":{"rendered":"<p>Se\u00f1ales cambiantes se dan en la din\u00e1mica pol\u00edtica con ruta al 2018 mexicano. Un escenario que se ven\u00eda perfilando con nitidez era el avance demoledor de la CNTE-Peje-MoReNa-, sobre todo despu\u00e9s de la \u201cNoche Triste de Nochixtl\u00e1n\u201d, para la administraci\u00f3n de Enrique Pe\u00f1a Nieto, fecha emblem\u00e1tica que parecer\u00eda poner en su momento en camino irreversible [&hellip;]<\/p>\n","protected":false},"author":5,"featured_media":0,"comment_status":"open","ping_status":"open","sticky":false,"template":"","format":"standard","meta":{"_acf_changed":false,"_monsterinsights_skip_tracking":false,"slim_seo":{"title":"\u201cCNTE-Peje-MoReNa\u201d: \u00bfCu\u00e1l Reforma Educativa\u2026? - Opini\u00f3n P\u00fablica","description":"Se\u00f1ales cambiantes se dan en la din\u00e1mica pol\u00edtica con ruta al 2018 mexicano. Un escenario que se ven\u00eda perfilando con nitidez era el avance demoledor de la CNTE"},"footnotes":""},"categories":[29],"tags":[],"class_list":["post-3216","post","type-post","status-publish","format-standard","hentry","category-voces-libres"],"acf":[],"_links":{"self":[{"href":"https:\/\/www.opinionpublica.tv\/portada\/wp-json\/wp\/v2\/posts\/3216","targetHints":{"allow":["GET"]}}],"collection":[{"href":"https:\/\/www.opinionpublica.tv\/portada\/wp-json\/wp\/v2\/posts"}],"about":[{"href":"https:\/\/www.opinionpublica.tv\/portada\/wp-json\/wp\/v2\/types\/post"}],"author":[{"embeddable":true,"href":"https:\/\/www.opinionpublica.tv\/portada\/wp-json\/wp\/v2\/users\/5"}],"replies":[{"embeddable":true,"href":"https:\/\/www.opinionpublica.tv\/portada\/wp-json\/wp\/v2\/comments?post=3216"}],"version-history":[{"count":0,"href":"https:\/\/www.opinionpublica.tv\/portada\/wp-json\/wp\/v2\/posts\/3216\/revisions"}],"wp:attachment":[{"href":"https:\/\/www.opinionpublica.tv\/portada\/wp-json\/wp\/v2\/media?parent=3216"}],"wp:term":[{"taxonomy":"category","embeddable":true,"href":"https:\/\/www.opinionpublica.tv\/portada\/wp-json\/wp\/v2\/categories?post=3216"},{"taxonomy":"post_tag","embeddable":true,"href":"https:\/\/www.opinionpublica.tv\/portada\/wp-json\/wp\/v2\/tags?post=3216"}],"curies":[{"name":"wp","href":"https:\/\/api.w.org\/{rel}","templated":true}]}}