{"id":31787,"date":"2022-10-11T06:00:00","date_gmt":"2022-10-11T04:00:00","guid":{"rendered":"https:\/\/www.opinionpublica.tv\/portada\/2022\/10\/11\/abdicacion\/"},"modified":"2022-10-11T06:00:00","modified_gmt":"2022-10-11T04:00:00","slug":"abdicacion","status":"publish","type":"post","link":"https:\/\/www.opinionpublica.tv\/portada\/abdicacion\/","title":{"rendered":"Abdicaci\u00f3n"},"content":{"rendered":"<img decoding=\"async\" class=\" size-full wp-image-31786\" src=\"https:\/\/www.opinionpublica.tv\/portada\/wp-content\/uploads\/2022\/10\/13b677f13a922ec9af61955194ab9602.jpg\" alt=\"\" class=\"caption\" title=\"Luis Carlos Ugalde, ex presidente del IFE.\" width=\"270\" height=\"152\" \/>\n<p style=\"text-align: justify;\">La raz\u00f3n del Estado moderno es dar seguridad a sus habitantes: a cambio de protecci\u00f3n, la poblaci\u00f3n se somete al mando de la autoridad y paga tributos. Un Estado que no proporciona seguridad con eficacia no justifica su existencia.<\/p>\n<p><!--more--><\/p>\n<p style=\"text-align: justify;\">Cuando un gobierno tira la toalla y le entrega las llaves de la seguridad p\u00fablica a las Fuerzas Armadas, est\u00e1 abdicando de su raz\u00f3n de ser. Porque los ej\u00e9rcitos son entrenados para proteger fronteras y territorios, no para cuidarnos del asalto, la extorsi\u00f3n o el homicidio.<\/p>\n<p style=\"text-align: justify;\">Por supuesto, que hay razones t\u00e1cticas o extraordinarias que justifican la presencia temporal de las Fuerzas Armadas en las calles. En 2019 L\u00f3pez Obrador propuso la creaci\u00f3n de la Guardia Nacional y pidi\u00f3 un plazo de cinco a\u00f1os para que las Fuerzas Armadas dieran apoyo en las calles del pa\u00eds mientras se organizaba la nueva polic\u00eda nacional.<\/p>\n<p style=\"text-align: justify;\">Sin embargo, ahora el gobierno quiere \u2014en los hechos\u2014 que esa presencia sea permanente. Por un lado, promovi\u00f3 que la Guardia Nacional sea parte de la Secretar\u00eda de la Defensa Nacional (Sedena); por otro lado, la iniciativa de prolongar, sin argumentos claros, la presencia de las Fuerzas Armadas en las calles hasta 2028 es, en el fondo, el pre\u00e1mbulo para que esa presencia sea permanente.<\/p>\n<p style=\"text-align: justify;\">Imaginemos el contexto bajo el cual tomar\u00e1 protesta el nuevo gobierno el 1 de octubre de 2024. Por una parte, heredar\u00e1 una inercia con dominio de las Fuerzas Armadas sobre la pol\u00edtica de seguridad p\u00fablica; por otra parte, tendr\u00e1 muchos desaf\u00edos enfrente con pocos recursos presupuestarios.<\/p>\n<p style=\"text-align: justify;\">En ese entorno, el nuevo gobierno administrar\u00e1 el statu quo y, cuando llegue nuevamente la fecha fatal en 2028, tendr\u00e1 todos los incentivos (fuerzas militares m\u00e1s empoderadas, polic\u00edas locales m\u00e1s endebles, alta incidencia criminal, recursos escasos, presi\u00f3n social y pol\u00edtica) para patear nuevamente la pelota, pero ahora de manera permanente.<\/p>\n<p style=\"text-align: justify;\">Muchos ven la transferencia de la Guardia Nacional a las entra\u00f1as de la Sedena como el pre\u00e1mbulo para desaparecer, en su momento, al Ej\u00e9rcito y la Marina y convertirlas en una gran Guardia Nacional militarizada.<\/p>\n<p style=\"text-align: justify;\">Una de las v\u00edas para que 2028 sea cre\u00edble como fecha fatal de retiro de las Fuerzas Armadas de las calles ser\u00eda establecer acuerdos parciales que, de no concretarse, invaliden el acuerdo. Primero, que la Guardia Nacional no pase a ser parte de la Sedena, eso es, que el presidente revoque el decreto que se vot\u00f3 hace dos semanas en el Congreso.<\/p>\n<p style=\"text-align: justify;\">Segundo, que el gobierno restituya los fondos de apoyo para gobiernos estatales y municipales en materia de seguridad: el Fondo de Aportaciones para la Seguridad P\u00fablica (FASP) y el Subsidio para el Fortalecimiento del desempe\u00f1o en materia de Seguridad P\u00fablica (FORTASEG).<\/p>\n<p style=\"text-align: justify;\">Tercero, que el presidente haga un llamado para que los gobiernos de todo el pa\u00eds inviertan recursos econ\u00f3micos y pol\u00edticos para fortalecer a sus polic\u00edas locales. No recuerdo una sola menci\u00f3n del tema por parte del presidente L\u00f3pez Obrador.<\/p>\n<p style=\"text-align: justify;\">Cuarto, que los integrantes actuales de la Guardia Nacional que forman parte de las Fuerzas Armadas tengan que definirse en los pr\u00f3ximos 12 meses por su permanencia en una o en otra instituci\u00f3n y que la Guardia deba contar con un cierto n\u00famero de integrantes con el certificado \u00fanico policial antes del 31 de diciembre de 2023 y as\u00ed de manera anual para garantizar que se cumplen metas parciales.<\/p>\n<p style=\"text-align: justify;\">Sin embargo, como la apuesta real de L\u00f3pez Obrador no es construir una Guardia Nacional civil, sino militarizarla, jam\u00e1s aceptar\u00eda una negociaci\u00f3n de esta naturaleza.<\/p>\n<p style=\"text-align: justify;\">Por lo pronto, ya inici\u00f3 la guerra en contra de la oposici\u00f3n a trav\u00e9s de la consulta para que el pueblo exprese su deseo de que la Guarda Nacional sea militar y controlar as\u00ed la narrativa y acusar a sus adversarios del problema de la inseguridad que no ha resuelto ni resolver\u00e1 en lo que resta del sexenio.<\/p>\n<p style=\"text-align: justify;\">Por esa raz\u00f3n, el voto responsable debe ser en contra de ampliar el plazo de las Fuerzas Armadas en las calles: eso obligar\u00eda a que el gobierno civil asuma su responsabilidad de acelerar la construcci\u00f3n de la Guardia Nacional y proteger\u00eda a las Fuerzas Armadas del desgaste e irresponsabilidad de los pol\u00edticos.<\/p>\n<p style=\"text-align: justify;\">\u00a0<\/p>\n","protected":false},"excerpt":{"rendered":"<p>La raz\u00f3n del Estado moderno es dar seguridad a sus habitantes: a cambio de protecci\u00f3n, la poblaci\u00f3n se somete al mando de la autoridad y paga tributos. Un Estado que no proporciona seguridad con eficacia no justifica su existencia.<\/p>\n","protected":false},"author":6,"featured_media":31786,"comment_status":"open","ping_status":"open","sticky":false,"template":"","format":"standard","meta":{"_acf_changed":false,"_monsterinsights_skip_tracking":false,"slim_seo":{"title":"Abdicaci\u00f3n - Opini\u00f3n P\u00fablica","description":"La raz\u00f3n del Estado moderno es dar seguridad a sus habitantes: a cambio de protecci\u00f3n, la poblaci\u00f3n se somete al mando de la autoridad y paga tributos. Un Estad"},"footnotes":""},"categories":[23],"tags":[843],"class_list":["post-31787","post","type-post","status-publish","format-standard","has-post-thumbnail","hentry","category-democracia-eficaz","tag-luis-carlos-ugalde"],"acf":[],"_links":{"self":[{"href":"https:\/\/www.opinionpublica.tv\/portada\/wp-json\/wp\/v2\/posts\/31787","targetHints":{"allow":["GET"]}}],"collection":[{"href":"https:\/\/www.opinionpublica.tv\/portada\/wp-json\/wp\/v2\/posts"}],"about":[{"href":"https:\/\/www.opinionpublica.tv\/portada\/wp-json\/wp\/v2\/types\/post"}],"author":[{"embeddable":true,"href":"https:\/\/www.opinionpublica.tv\/portada\/wp-json\/wp\/v2\/users\/6"}],"replies":[{"embeddable":true,"href":"https:\/\/www.opinionpublica.tv\/portada\/wp-json\/wp\/v2\/comments?post=31787"}],"version-history":[{"count":0,"href":"https:\/\/www.opinionpublica.tv\/portada\/wp-json\/wp\/v2\/posts\/31787\/revisions"}],"wp:featuredmedia":[{"embeddable":true,"href":"https:\/\/www.opinionpublica.tv\/portada\/wp-json\/wp\/v2\/media\/31786"}],"wp:attachment":[{"href":"https:\/\/www.opinionpublica.tv\/portada\/wp-json\/wp\/v2\/media?parent=31787"}],"wp:term":[{"taxonomy":"category","embeddable":true,"href":"https:\/\/www.opinionpublica.tv\/portada\/wp-json\/wp\/v2\/categories?post=31787"},{"taxonomy":"post_tag","embeddable":true,"href":"https:\/\/www.opinionpublica.tv\/portada\/wp-json\/wp\/v2\/tags?post=31787"}],"curies":[{"name":"wp","href":"https:\/\/api.w.org\/{rel}","templated":true}]}}