{"id":31557,"date":"2022-09-25T06:00:00","date_gmt":"2022-09-25T04:00:00","guid":{"rendered":"https:\/\/www.opinionpublica.tv\/portada\/2022\/09\/25\/efemerides-25-de-septiembre-7\/"},"modified":"2022-09-25T06:00:00","modified_gmt":"2022-09-25T04:00:00","slug":"efemerides-25-de-septiembre-7","status":"publish","type":"post","link":"https:\/\/www.opinionpublica.tv\/portada\/efemerides-25-de-septiembre-7\/","title":{"rendered":"Efem\u00e9rides 25 de septiembre"},"content":{"rendered":"<img fetchpriority=\"high\" decoding=\"async\" class=\" size-full wp-image-31556\" src=\"https:\/\/www.opinionpublica.tv\/portada\/wp-content\/uploads\/2022\/09\/e9ae0245049d79b5077bf649700e117c.jpg\" alt=\"\" class=\"caption\" title=\"Vasco N\u00fa\u00f1ez de Balboa descubri\u00f3 una ruta que lo llev\u00f3 al Oc\u00e9ano Pac\u00edfico.\" width=\"362\" height=\"139\" srcset=\"https:\/\/www.opinionpublica.tv\/portada\/wp-content\/uploads\/2022\/09\/e9ae0245049d79b5077bf649700e117c.jpg 362w, https:\/\/www.opinionpublica.tv\/portada\/wp-content\/uploads\/2022\/09\/e9ae0245049d79b5077bf649700e117c-300x115.jpg 300w\" sizes=\"(max-width: 362px) 100vw, 362px\" \/>\n<p style=\"text-align: justify;\">Un d\u00eda 25 de septiembre como hoy, pero de 1513, Vasco N\u00fa\u00f1ez de Balboa descubre el Mar del Sur, que luego Magallanes denomin\u00f3 como el Oc\u00e9ano Pac\u00edfico.<\/p>\n<p><!--more--><\/p>\n<p style=\"text-align: justify;\"><strong>M\u00e1s efem\u00e9rides<\/strong><\/p>\n<p style=\"text-align: justify;\">1493.- Col\u00f3n emprende su segundo viaje a Am\u00e9rica.<\/p>\n<p style=\"text-align: justify;\">1728.- Se crea en Caracas la Compa\u00f1\u00eda Guipuzcoana para desarrollar la agricultura venezolana.<\/p>\n<p style=\"text-align: justify;\">1860.- La Convenci\u00f3n Constituyente de las provincias argentinas acepta las reformas a la Constituci\u00f3n de 1853, con lo que la Constituci\u00f3n abarca a toda la Rep\u00fablica Argentina.<\/p>\n<p style=\"text-align: justify;\">1869.- Se declara oficial en Argentina el C\u00f3digo Civil redactado por el doctor Dalmacio V\u00e9lez Sarsfield.<\/p>\n<p style=\"text-align: justify;\">1879.- A causa de sus actividades por la independencia de Cuba, Jos\u00e9 Mart\u00ed es desterrado por segunda vez.<\/p>\n<p style=\"text-align: justify;\">1896.- Nace Sandro Pertini, pol\u00edtico italiano.<\/p>\n<p style=\"text-align: justify;\">1897.- Nace William Faulkner, novelista estadounidense.<\/p>\n<p style=\"text-align: justify;\">1907.- Nace Robert Bresson, cineasta franc\u00e9s.<\/p>\n<p style=\"text-align: justify;\">1911.- Mueren 150 personas en la explosi\u00f3n del acorazado \u00abLibert\u00e9\u00bb en la base naval francesa de Tol\u00f3n.<\/p>\n<p style=\"text-align: justify;\">1932.- Nace Adolfo Su\u00e1rez, presidente del primer Gobierno espa\u00f1ol de la democracia.<\/p>\n<p style=\"text-align: justify;\">1944.- Nace Michael Douglas, cineasta estadounidense.<\/p>\n<p style=\"text-align: justify;\">1945.- Fallece Encarnaci\u00f3n L\u00f3pez \u00abLa Argentinita\u00bb, bailarina espa\u00f1ola.<\/p>\n<p style=\"text-align: justify;\">1947.- El presidente argentino, Juan Domingo Per\u00f3n, ratifica la ley que establece el derecho al voto de la mujer.<\/p>\n<p style=\"text-align: justify;\">1951.- Nace Alfonso Portillo, presidente de Guatemala.<\/p>\n<p style=\"text-align: justify;\">1952.- Nace Christopher Reeve, actor estadounidense.<\/p>\n<p style=\"text-align: justify;\">1959.- El dirigente sovi\u00e9tico Nikita Kruschev y el presidente estadounidense Eisenhower se re\u00fanen en Camp David (EE.UU.) para reducir la tensi\u00f3n internacional.<\/p>\n<p style=\"text-align: justify;\">1960.- El presidente cubano Fidel Castro pronuncia su primer discurso en la ONU, con cr\u00edticas al imperialismo estadounidense.<\/p>\n<p style=\"text-align: justify;\">1963.- Un golpe militar derriba al presidente de la Rep\u00fablica Dominicana Juan Bosch.<\/p>\n<p style=\"text-align: justify;\">1967.- La OEA condena al Gobierno de Cuba y propone iniciar el bloqueo econ\u00f3mico.<\/p>\n<p style=\"text-align: justify;\">1968.- Nace Will Smith, actor y m\u00fasico estadounidense.<\/p>\n<p style=\"text-align: justify;\">1969.- Nace Catherine Zeta Jones, actriz brit\u00e1nica.<\/p>\n<p style=\"text-align: justify;\">1978.- Mueren 144 personas tras impactar en el aire dos aviones de pasajeros en San Diego, California.<\/p>\n<p style=\"text-align: justify;\">1991.- Gobierno salvadore\u00f1o y guerrilla Frente Farabundo Mart\u00ed para la Liberaci\u00f3n Nacional firman en Nueva York un acuerdo de paz que pone fin a 11 a\u00f1os de guerra civil.<\/p>\n<p style=\"text-align: justify;\">1992.- Inaugurada la v\u00eda fluvial que permite viajar en barco desde Rotterdam (Holanda) hasta Constanta (Ruman\u00eda), en el mar Negro.<\/p>\n<p style=\"text-align: justify;\">1996.- Mueren 69 palestinos y 11 israel\u00edes en enfrentamientos entre el Ej\u00e9rcito israel\u00ed y la Polic\u00eda palestina por la apertura del T\u00fanel de los Hasmoneos.<\/p>\n<p style=\"text-align: justify;\">2008.- El banco Washington Mutual protagoniza el mayor hundimiento de una entidad financiera en Estados Unidos hasta esa fecha.<\/p>\n<p style=\"text-align: justify;\">2009.- Fallece Alicia de Larrocha, pianista espa\u00f1ola.<\/p>\n<p style=\"text-align: justify;\">2011.- Descubren una fosa con 1,270 cad\u00e1veres de presos en Tr\u00edpoli (Libia).<\/p>\n<p style=\"text-align: justify;\">2011.- Fallece Wangari Maathai, ecologista, Nobel de la Paz keniana.<\/p>\n<p style=\"text-align: justify;\">2012.- Fallece Andy Williams, cantante estadounidense.<\/p>\n<p style=\"text-align: justify;\">2013.- Estados Unidos firma el Tratado sobre el Comercio de Armas.<\/p>\n<p style=\"text-align: justify;\">2014.- El movimiento nacionalista palestino Al Fatah y el islamista Ham\u00e1s acuerdan hacer efectivo en Gaza un nuevo Gobierno de unidad.<\/p>\n<p style=\"text-align: justify;\">2014.- El papa Francisco pone bajo intervenci\u00f3n la di\u00f3cesis paraguaya de Ciudad del Este, salpicada por esc\u00e1ndalos de pederastia y cruce de acusaciones.<\/p>\n","protected":false},"excerpt":{"rendered":"<p>Un d\u00eda 25 de septiembre como hoy, pero de 1513, Vasco N\u00fa\u00f1ez de Balboa descubre el Mar del Sur, que luego Magallanes denomin\u00f3 como el Oc\u00e9ano Pac\u00edfico.<\/p>\n","protected":false},"author":6,"featured_media":31556,"comment_status":"open","ping_status":"open","sticky":false,"template":"","format":"standard","meta":{"_acf_changed":false,"_monsterinsights_skip_tracking":false,"slim_seo":{"title":"Efem\u00e9rides 25 de septiembre - Opini\u00f3n P\u00fablica","description":"Un d\u00eda 25 de septiembre como hoy, pero de 1513, Vasco N\u00fa\u00f1ez de Balboa descubre el Mar del Sur, que luego Magallanes denomin\u00f3 como el Oc\u00e9ano Pac\u00edfico. M\u00e1s efem\u00e9r"},"footnotes":""},"categories":[27],"tags":[],"class_list":["post-31557","post","type-post","status-publish","format-standard","has-post-thumbnail","hentry","category-un-dia-como-hoy"],"acf":[],"_links":{"self":[{"href":"https:\/\/www.opinionpublica.tv\/portada\/wp-json\/wp\/v2\/posts\/31557","targetHints":{"allow":["GET"]}}],"collection":[{"href":"https:\/\/www.opinionpublica.tv\/portada\/wp-json\/wp\/v2\/posts"}],"about":[{"href":"https:\/\/www.opinionpublica.tv\/portada\/wp-json\/wp\/v2\/types\/post"}],"author":[{"embeddable":true,"href":"https:\/\/www.opinionpublica.tv\/portada\/wp-json\/wp\/v2\/users\/6"}],"replies":[{"embeddable":true,"href":"https:\/\/www.opinionpublica.tv\/portada\/wp-json\/wp\/v2\/comments?post=31557"}],"version-history":[{"count":0,"href":"https:\/\/www.opinionpublica.tv\/portada\/wp-json\/wp\/v2\/posts\/31557\/revisions"}],"wp:featuredmedia":[{"embeddable":true,"href":"https:\/\/www.opinionpublica.tv\/portada\/wp-json\/wp\/v2\/media\/31556"}],"wp:attachment":[{"href":"https:\/\/www.opinionpublica.tv\/portada\/wp-json\/wp\/v2\/media?parent=31557"}],"wp:term":[{"taxonomy":"category","embeddable":true,"href":"https:\/\/www.opinionpublica.tv\/portada\/wp-json\/wp\/v2\/categories?post=31557"},{"taxonomy":"post_tag","embeddable":true,"href":"https:\/\/www.opinionpublica.tv\/portada\/wp-json\/wp\/v2\/tags?post=31557"}],"curies":[{"name":"wp","href":"https:\/\/api.w.org\/{rel}","templated":true}]}}