{"id":31555,"date":"2022-09-25T06:00:00","date_gmt":"2022-09-25T04:00:00","guid":{"rendered":"https:\/\/www.opinionpublica.tv\/portada\/2022\/09\/25\/el-boton-rojo-y-el-mito-de-la-extincion\/"},"modified":"2022-09-25T06:00:00","modified_gmt":"2022-09-25T04:00:00","slug":"el-boton-rojo-y-el-mito-de-la-extincion","status":"publish","type":"post","link":"https:\/\/www.opinionpublica.tv\/portada\/el-boton-rojo-y-el-mito-de-la-extincion\/","title":{"rendered":"El bot\u00f3n rojo y el mito de la extinci\u00f3n"},"content":{"rendered":"<img fetchpriority=\"high\" decoding=\"async\" class=\" size-full wp-image-31554\" src=\"https:\/\/www.opinionpublica.tv\/portada\/wp-content\/uploads\/2022\/09\/b42aaf22f1b620159df208e11cd47b72.jpg\" alt=\"\" class=\"caption\" title=\"Claudia V\u00e1zquez Fuentes.\" width=\"406\" height=\"503\" srcset=\"https:\/\/www.opinionpublica.tv\/portada\/wp-content\/uploads\/2022\/09\/b42aaf22f1b620159df208e11cd47b72.jpg 406w, https:\/\/www.opinionpublica.tv\/portada\/wp-content\/uploads\/2022\/09\/b42aaf22f1b620159df208e11cd47b72-242x300.jpg 242w\" sizes=\"(max-width: 406px) 100vw, 406px\" \/>\n<p style=\"text-align: justify;\">Seguramente muchos de ustedes no lo sepan, pero aquellos que tenemos ya cierta edad habremos crecido o escuchado un sinf\u00edn de veces que como civilizaci\u00f3n humana nos encontr\u00e1bamos en un punto de inflexi\u00f3n ante el riesgo de que las dos s\u00faper potencias en ese momento enfrentadas entre s\u00ed, pulsaran el bot\u00f3n rojo desat\u00e1ndose as\u00ed una guerra nuclear que acabar\u00eda con la vida en el planeta tierra.<\/p>\n<p><!--more--><\/p>\n<p style=\"text-align: justify;\">Visto a la distancia y al tiempo, esta creencia producto de la guerra de la fr\u00eda pudiera parecer un tanto excesiva, pero por muchos a\u00f1os para todos los polit\u00f3logos la consecuencia natural del conflicto era un estallido donde las armas nucleares entrar\u00edan en acci\u00f3n con un terrible da\u00f1o para la vida misma.<\/p>\n<p style=\"text-align: justify;\">Con el desmantelamiento de la antigua Uni\u00f3n Sovi\u00e9tica y el llamado fin de la guerra fr\u00eda, el miedo a un holocausto nuclear se desvaneci\u00f3, se instauraba una nueva era. El fin de la historia y el \u00faltimo hombre de Francis Fukuyama daban muestras de ello, una singular tesis en la que el polit\u00f3logo afirmaba que la lucha de las ideolog\u00edas hab\u00eda terminado con el triunfo de la democracia liberal que se impon\u00eda en todo el mundo.<\/p>\n<p style=\"text-align: justify;\">Inaugur\u00e1ndose con ello una era de paz y progreso para el mundo, lo cual, por supuesto no ha sido as\u00ed, pero lo que s\u00ed supuso el fin de la guerra fr\u00eda fue disipar por varios a\u00f1os el fantasma de la devastaci\u00f3n nuclear.<\/p>\n<p style=\"text-align: justify;\">A pesar de que la carrera armament\u00edstica inici\u00f3 antes de la Primera Guerra Mundial, es durante la guerra fr\u00eda cuando se encarniza la polarizaci\u00f3n y el enfrentamiento trayendo con ello un despliegue brutal de desarrollo y acumulaci\u00f3n de armamento, con especial \u00e9nfasis de tipo nuclear bajo el argumento de que esto se hac\u00eda como medida disuasoria para evitar ser atacado por la contraparte.<\/p>\n<p style=\"text-align: justify;\">Y si bien, grandes han sido los esfuerzos emprendidos desde las Naciones Unidas por la NO proliferaci\u00f3n de armas nucleares y luego por el desarme nuclear desde finales de los a\u00f1os 70\u00b4s, la realidad es que el n\u00famero de armas y de pa\u00edses que las poseen no han dejado de incrementarse. De acuerdo al \u00faltimo reporte de la Asociaci\u00f3n del Control de Armas en enero de 2022 en el mundo existen actualmente 3 mil 080 bombas nucleares en todo el mundo, siendo Estados Unidos y Rusia los que poseen el mayor n\u00famero de ellas.<\/p>\n<p style=\"text-align: justify;\">Las armas nucleares se clasifican en \u201ct\u00e1cticas\u201d y \u201cestrat\u00e9gicas\u201d. Las primeras, tambi\u00e9n conocidas como \u201cpeque\u00f1as\u201d, son aquellas dise\u00f1adas para objetivos y ocasiones determinadas, se transportan en peque\u00f1os misiles o aviones de caza, mientas que las \u201cestrat\u00e9gicas\u201d o \u201cpoderosas\u201d son aquellas como que se conocen como \u201cmisiles intercontinentales\u201d y su tama\u00f1o supera a un edificio de 7 pisos.<\/p>\n<p style=\"text-align: justify;\">Todos sabemos que si se produjera una guerra nuclear en el mundo las consecuencias ser\u00edan terribles, los principales efectos ser\u00edan: millones de v\u00edctimas mortales de forma inmediata o en el muy corto plazo, principalmente poblaci\u00f3n civil. Reducci\u00f3n de la temperatura global por el carbono liberado que subir\u00eda a la atm\u00f3sfera absorbiendo el calor del sol. Destrucci\u00f3n de la capa de ozono con lo cual los habitantes del planeta quedar\u00edan expuestos a un sin n\u00famero de enfermedades respiratorias y en la piel.<\/p>\n<p style=\"text-align: justify;\">Crisis alimentaria aguda, por la destrucci\u00f3n de las tierras de cultivo y la contaminaci\u00f3n del suelo y el agua. Crisis humanitaria sin precedentes por grandes olas migratorias y de desplazados sin capacidad para atenderlos. Adem\u00e1s de la ca\u00edda de una noche permanente en la tierra por la cobertura de los rayos del sol, lo cual nos sumir\u00eda en la oscuridad impidiendo a la mayor\u00eda de las especies vegetales realizar su proceso de fotos\u00edntesis lo que causar\u00eda su muerte y desaparici\u00f3n, la contaminaci\u00f3n del aire aumentar\u00eda, siendo este factor otra causa directa de muerte.<\/p>\n<p style=\"text-align: justify;\">Pero si usted ha llegado hasta aqu\u00ed se ha de estar preguntando; \u00bfa qu\u00e9 viene tan deprimente relato? Pues este relato viene a cuento tras la declaraci\u00f3n hecha por el Presidente ruso Vladimir Putin el pasado mi\u00e9rcoles 21 de septiembre en que anunci\u00f3 que convocar\u00eda a 300 mil reservistas en activo para una movilizaci\u00f3n militar para sumarse a la invasi\u00f3n a Ucrania.<\/p>\n<p style=\"text-align: justify;\">Pero lo que ha puesto a todos de cabeza ha sido la parte del mensaje en que afirm\u00f3: \u201caquellos que intentan chantajearnos con armas nucleares deben saber que los vientos predominantes pueden girar en su direcci\u00f3n\u201d. \u201cQuiero recordarles que nuestro pa\u00eds tambi\u00e9n cuenta con diversos medios de destrucci\u00f3n y en algunos componentes m\u00e1s modernos que los de los pa\u00edses de la OTAN\u201d. \u201cY si la integridad territorial de nuestro pa\u00eds se ve amenazada, sin duda utilizaremos todos los medios a nuestro alcance para proteger a Rusia y a nuestro pueblo\u201d.<\/p>\n<p style=\"text-align: justify;\">\u00bfY qu\u00e9 decir del: \u201cno estoy blofeando\u201d que repiti\u00f3 dos veces?<\/p>\n<p style=\"text-align: justify;\">M\u00e1s que una alusi\u00f3n a la capacidad nuclear rusa, sus palabras suenan a velada amenaza. La lectura que occidente ha querido dar a este mensaje es que, ante la desesperaci\u00f3n, Putin est\u00e1 perdiendo la cabeza y lanzando amenazas descabelladas.<\/p>\n<p style=\"text-align: justify;\">Yo creo que eso es parte de la propaganda occidental y que de estar perdiendo la cabeza nada, lo que pasa es que cada que tiene estas salidas de tono le funcionan, as\u00ed que ha dado una nueva vuelta de tuerca y metido m\u00e1s presi\u00f3n a una OTAN cada d\u00eda m\u00e1s dividida ante la falta de gas ruso, y la incomodidad de sus ciudadanos por ba\u00f1arse con agua fr\u00eda.<\/p>\n<p style=\"text-align: justify;\">Es propaganda y \u00e9l lo sabe, \u00bfqu\u00e9 por qu\u00e9 lo hace? Pues porque puede, pero eso es tema de otro art\u00edculo, lo que hoy nos ocupa es ese sobresalto que de golpe nos remonta a los momentos m\u00e1s tensos de la guerra fr\u00eda, el tema de las armas nucleares vuelve a los titulares de los medios de comunicaci\u00f3n, a los discursos pol\u00edticos y a las mesas de caf\u00e9.<\/p>\n<p style=\"text-align: justify;\">Ese sentimiento de vulnerabilidad humana y sentir que cualquier decisi\u00f3n precipitada nos coloca al borde del abismo es tambi\u00e9n la oportunidad de entender lo fr\u00e1gil que es la paz y lo importante de mantenerla. \u00bfEstamos ante el riesgo de que se desate una guerra nuclear? La posibilidad es realmente muy baja, pero no es cero.<\/p>\n<p style=\"text-align: justify;\">Los l\u00edderes de los principales bandos dicen que una escalada nuclear es impensable a pesar de sus propias declaraciones, es propaganda es estirar la liga hasta donde sea posible, jugar con las palabras y las interpretaciones. Nadie quiere una escalada nuclear, pero a todos se les dificulta encontrar un espacio propicio de acci\u00f3n.<\/p>\n<p style=\"text-align: justify;\">El argumento que Putin esgrime es que la ayuda de occidente a Ucrania vulnere la seguridad del territorio ruso, y aunque suene paranoico esto tiene mucho que ver con ese sentido de imperio que tiene Rusia, sobre su obsesi\u00f3n por las fronteras. Las cosas se le complican al Kremlin, es cierto, pero si algo ha aprendido Putin es que el territorio es sagrado para los rusos, por ello vuelve a esgrimir que la OTAN lo acorrala con una base cercana a sus fronteras, (lo cual sea dicho de paso, no es una mentira). El territorio como valor de supervivencia es el esp\u00edritu del imperio que ha pretendido por siglos vivir en la autarqu\u00eda relacion\u00e1ndose con otros solo para dominarlos.<\/p>\n<p style=\"text-align: justify;\">Lo que es innegable es que las palabras tienen consecuencias y el mensaje de Putin escala la guerra en Ucrania, ahora los l\u00edderes de la OTAN van a tener que modificar sus estrategias, lo que alarga cada d\u00eda m\u00e1s la salida de Rusia. La guerra va para largo, Europa corre el riesgo de congelarse, las alianzas se debilitan y la presi\u00f3n sobre los principales actores aumenta.<\/p>\n<p style=\"text-align: justify;\">Europa pide a Estados Unidos una respuesta m\u00e1s contundente, Biden no lo hace, no est\u00e1 en posibilidades de hacerlo, no quiere hacerlo. Europa sabe que si bien, es casi imposible un ataque nuclear estrat\u00e9gico. Pero ahora ya no lo est\u00e1 tan convencida sobre los ataques nucleares t\u00e1cticos; ataques breves, dirigidos a blancos espec\u00edficos pero que pueden hacer un grave da\u00f1o a Europa antes de que haya siquiera tiempo para una respuesta.<\/p>\n<p style=\"text-align: justify;\">Nadie apoya una guerra nuclear ni siquiera China, el amigo y aliado de Putin, quien por cierto es el pa\u00eds que m\u00e1s ha acumulado armamento nuclear en los \u00faltimos a\u00f1os. Pero ahora cualquier error, cualquier precipitaci\u00f3n nos acerca a ese bot\u00f3n rojo que por peque\u00f1o que sea un conflicto nuclear conlleva un riesgo de escalar, de salirse de las manos.<\/p>\n<p style=\"text-align: justify;\">Estoy convencida de que una guerra nuclear con la OTAN es improbable, esto llevar\u00eda a la destrucci\u00f3n mutua y no crea que ni los rusos ni los europeos son tan rom\u00e1nticos como para morir por la patria. Los intereses y la ambici\u00f3n han probado a lo largo de la historia ser el verdadero esp\u00edritu del poder. El discurso cambia y con ello las estrategias. Lo que estamos presenciando es una nueva reconfiguraci\u00f3n del orden mundial donde los que sufren y mueren es la poblaci\u00f3n m\u00e1s vulnerable. Mientras otros son controlados por el miedo al bot\u00f3n rojo.<\/p>\n","protected":false},"excerpt":{"rendered":"<p>Seguramente muchos de ustedes no lo sepan, pero aquellos que tenemos ya cierta edad habremos crecido o escuchado un sinf\u00edn de veces que como civilizaci\u00f3n humana nos encontr\u00e1bamos en un punto de inflexi\u00f3n ante el riesgo de que las dos s\u00faper potencias en ese momento enfrentadas entre s\u00ed, pulsaran el bot\u00f3n rojo desat\u00e1ndose as\u00ed una [&hellip;]<\/p>\n","protected":false},"author":6,"featured_media":31554,"comment_status":"open","ping_status":"open","sticky":false,"template":"","format":"standard","meta":{"_acf_changed":false,"_monsterinsights_skip_tracking":false,"slim_seo":{"title":"El bot\u00f3n rojo y el mito de la extinci\u00f3n - Opini\u00f3n P\u00fablica","description":"Seguramente muchos de ustedes no lo sepan, pero aquellos que tenemos ya cierta edad habremos crecido o escuchado un sinf\u00edn de veces que como civilizaci\u00f3n humana"},"footnotes":""},"categories":[38],"tags":[817],"class_list":["post-31555","post","type-post","status-publish","format-standard","has-post-thumbnail","hentry","category-columna-invitada","tag-claudia-vazquez-fuentes"],"acf":[],"_links":{"self":[{"href":"https:\/\/www.opinionpublica.tv\/portada\/wp-json\/wp\/v2\/posts\/31555","targetHints":{"allow":["GET"]}}],"collection":[{"href":"https:\/\/www.opinionpublica.tv\/portada\/wp-json\/wp\/v2\/posts"}],"about":[{"href":"https:\/\/www.opinionpublica.tv\/portada\/wp-json\/wp\/v2\/types\/post"}],"author":[{"embeddable":true,"href":"https:\/\/www.opinionpublica.tv\/portada\/wp-json\/wp\/v2\/users\/6"}],"replies":[{"embeddable":true,"href":"https:\/\/www.opinionpublica.tv\/portada\/wp-json\/wp\/v2\/comments?post=31555"}],"version-history":[{"count":0,"href":"https:\/\/www.opinionpublica.tv\/portada\/wp-json\/wp\/v2\/posts\/31555\/revisions"}],"wp:featuredmedia":[{"embeddable":true,"href":"https:\/\/www.opinionpublica.tv\/portada\/wp-json\/wp\/v2\/media\/31554"}],"wp:attachment":[{"href":"https:\/\/www.opinionpublica.tv\/portada\/wp-json\/wp\/v2\/media?parent=31555"}],"wp:term":[{"taxonomy":"category","embeddable":true,"href":"https:\/\/www.opinionpublica.tv\/portada\/wp-json\/wp\/v2\/categories?post=31555"},{"taxonomy":"post_tag","embeddable":true,"href":"https:\/\/www.opinionpublica.tv\/portada\/wp-json\/wp\/v2\/tags?post=31555"}],"curies":[{"name":"wp","href":"https:\/\/api.w.org\/{rel}","templated":true}]}}