{"id":31391,"date":"2022-09-11T06:00:00","date_gmt":"2022-09-11T04:00:00","guid":{"rendered":"https:\/\/www.opinionpublica.tv\/portada\/2022\/09\/11\/el-caso-cassez-vallarta\/"},"modified":"2022-09-11T06:00:00","modified_gmt":"2022-09-11T04:00:00","slug":"el-caso-cassez-vallarta","status":"publish","type":"post","link":"https:\/\/www.opinionpublica.tv\/portada\/el-caso-cassez-vallarta\/","title":{"rendered":"El Caso Cassez-Vallarta"},"content":{"rendered":"<img fetchpriority=\"high\" decoding=\"async\" class=\" size-full wp-image-31390\" src=\"https:\/\/www.opinionpublica.tv\/portada\/wp-content\/uploads\/2022\/09\/046afc1d40d4b56f6b3a776fee0cd24b.jpg\" alt=\"\" class=\"caption\" title=\"Luis Villegas Montes.\" width=\"255\" height=\"198\" \/>\n<p style=\"text-align: justify;\">Fue inevitable que viera la serie que Netflix le dedica a este caso. Me hab\u00eda negado con mucha insistencia, la mayor\u00eda de los personajes que ah\u00ed aparecen me repugnan e inevitablemente me asquean.<\/p>\n<p><!--more--><\/p>\n<p style=\"text-align: justify;\">Hay por lo menos tres nombres que me repelen profundamente: Arturo Zald\u00edvar, Olga S\u00e1nchez Cordero y, obviamente, la fulana francesa; y otro que me turba con un resabio de pena, Jorge Volpi, quien escribi\u00f3 ese bodrio (que no novela) que gan\u00f3 el premio Alfaguara 2018 y sirve de pretexto para la docuserie: Una novela criminal.<\/p>\n<p style=\"text-align: justify;\">La excusa para excarcelar a la francesa se bas\u00f3 en una aborrecible entelequia jur\u00eddica a cargo del primero de los mencionados: el llamado \u201cEfecto Corruptor\u201d, conforme al cual, las violaciones al procedimiento realizadas durante la detenci\u00f3n de la pareja Israel Vallarta y Florence Cassez lo viciaron por completo.<\/p>\n<p style=\"text-align: justify;\">Todo qued\u00f3 contaminado por los yerros en que incurri\u00f3 la autoridad investigadora cuando tuvo la genial ocurrencia de hacer un montaje medi\u00e1tico. \u00bfY el resto de las pruebas?<\/p>\n<p style=\"text-align: justify;\">El actual ministro presidente de la Suprema Corte de Justicia de la Naci\u00f3n fue el responsable de redactar el primer proyecto de resoluci\u00f3n con el que se inici\u00f3 el camino para liberar a la francesa, pero fue rechazado; la actual senadora fue la directa responsable del proyecto que la excarcel\u00f3.<\/p>\n<p style=\"text-align: justify;\">La francesa, recibida poco menos que como hero\u00edna en su pa\u00eds de origen, en un alarde de desprecio a la Ley, de escarnio para M\u00e9xico, de burla para sus v\u00edctimas, se victimiza ella misma con esc\u00e1ndalo soez, bajo la luz de reflectores propicios, al amparo de sus m\u00faltiples aliados.<\/p>\n<p style=\"text-align: justify;\">Todos se olvidan de las, ellas s\u00ed, aut\u00e9nticas v\u00edctimas: los secuestrados, los mutilados, los torturados, los extorsionados y, obvio, sus familiares. Familias destrozadas por la desgracia que lleg\u00f3 de la mano de un grupo de delincuentes, de quienes la se\u00f1ora Cassez era c\u00f3mplice; y quien actu\u00f3 como verdugo junto a su novio Israel Vallarta.<\/p>\n<p style=\"text-align: justify;\">Todos se olvidan del testimonio de Cristina R\u00edos Valladares, quien identifica en la francesa a la mujer cuya voz escuch\u00f3 en innumerables ocasiones durante su cautiverio: \u201cla misma voz de origen franc\u00e9s que me taladra hasta hoy los o\u00eddos, la misma voz que mi hijo reconoce como la de la mujer que le sac\u00f3 sangre para enviarla a mi esposo, junto a una oreja (\u2026) en sus gritos escucho la voz de la mujer que, celosa e iracunda, grit\u00f3 a Israel Vallarta, su novio y l\u00edder de la banda, que si volv\u00eda a meterse conmigo (\u2026) se desquitar\u00eda en mi persona\u201d.<\/p>\n<p style=\"text-align: justify;\">Se olvidan de Ezequiel Yahir Elizalde Flores qui\u00e9n identific\u00f3 a su verdugo por la voz y por las manos: \u201cDespu\u00e9s me subieron por una escaleras, abren un cerrojo y me meten al cuarto de seguridad, donde no hab\u00eda m\u00e1s que un escusado, un colch\u00f3n y una televisi\u00f3n, y ah\u00ed veo por primera vez a Florence Cassez, quien me acerca un plato y me dijo que no intentara hacerme el h\u00e9roe, o ella misma me iba a matar. Cassez ella me anestesi\u00f3 un dedo y me dijo qu\u00e9 parte de mi cuerpo quer\u00eda que le enviaran a mi familia\u201d.<\/p>\n<p style=\"text-align: justify;\">Quiz\u00e1 la \u00fanica pregunta inteligente que se formula en el transcurso del documental, por m\u00e1s aberrante que nos pueda parecer la misma, es la relativa a, si la francesa sali\u00f3 en libertad, \u00bfpor qu\u00e9 Israel contin\u00faa en prisi\u00f3n, sin recibir sentencia, despu\u00e9s de diecis\u00e9is a\u00f1os? Absurdo.<\/p>\n<p style=\"text-align: justify;\">Si puede ahorr\u00e1rsela, h\u00e1galo; no vea la serie, es basura. Como lo son tambi\u00e9n la novela que le dio origen o la acusaci\u00f3n a destiempo de un ministro que, en su oportunidad, no tuvo los pantalones ni la decencia para denunciar las supuestas presiones ejercidas en su contra por el entonces Presidente de la Rep\u00fablica, Felipe Calder\u00f3n. El \u00fanico que actu\u00f3 con dignidad y car\u00e1cter durante el estropicio.<\/p>\n<p style=\"text-align: justify;\">Cont\u00e1cteme a trav\u00e9s de mi correo electr\u00f3nico o s\u00edgame en los medios que gentilmente me publican, en Facebook o tambi\u00e9n en mi blog: https:\/\/unareflexionpersonal.wordpress.com\/<\/p>\n<p style=\"text-align: justify;\">Luis Villegas Montes.<\/p>\n<p style=\"text-align: justify;\">luvimo6608@gmail.com, luvimo6614@hotmail.com<\/p>\n","protected":false},"excerpt":{"rendered":"<p>Fue inevitable que viera la serie que Netflix le dedica a este caso. Me hab\u00eda negado con mucha insistencia, la mayor\u00eda de los personajes que ah\u00ed aparecen me repugnan e inevitablemente me asquean.<\/p>\n","protected":false},"author":6,"featured_media":31390,"comment_status":"open","ping_status":"open","sticky":false,"template":"","format":"standard","meta":{"_acf_changed":false,"_monsterinsights_skip_tracking":false,"slim_seo":{"title":"El Caso Cassez-Vallarta - Opini\u00f3n P\u00fablica","description":"Fue inevitable que viera la serie que Netflix le dedica a este caso. Me hab\u00eda negado con mucha insistencia, la mayor\u00eda de los personajes que ah\u00ed aparecen me rep"},"footnotes":""},"categories":[19],"tags":[78],"class_list":["post-31391","post","type-post","status-publish","format-standard","has-post-thumbnail","hentry","category-principal-columnas","tag-luis-villegas"],"acf":[],"_links":{"self":[{"href":"https:\/\/www.opinionpublica.tv\/portada\/wp-json\/wp\/v2\/posts\/31391","targetHints":{"allow":["GET"]}}],"collection":[{"href":"https:\/\/www.opinionpublica.tv\/portada\/wp-json\/wp\/v2\/posts"}],"about":[{"href":"https:\/\/www.opinionpublica.tv\/portada\/wp-json\/wp\/v2\/types\/post"}],"author":[{"embeddable":true,"href":"https:\/\/www.opinionpublica.tv\/portada\/wp-json\/wp\/v2\/users\/6"}],"replies":[{"embeddable":true,"href":"https:\/\/www.opinionpublica.tv\/portada\/wp-json\/wp\/v2\/comments?post=31391"}],"version-history":[{"count":0,"href":"https:\/\/www.opinionpublica.tv\/portada\/wp-json\/wp\/v2\/posts\/31391\/revisions"}],"wp:featuredmedia":[{"embeddable":true,"href":"https:\/\/www.opinionpublica.tv\/portada\/wp-json\/wp\/v2\/media\/31390"}],"wp:attachment":[{"href":"https:\/\/www.opinionpublica.tv\/portada\/wp-json\/wp\/v2\/media?parent=31391"}],"wp:term":[{"taxonomy":"category","embeddable":true,"href":"https:\/\/www.opinionpublica.tv\/portada\/wp-json\/wp\/v2\/categories?post=31391"},{"taxonomy":"post_tag","embeddable":true,"href":"https:\/\/www.opinionpublica.tv\/portada\/wp-json\/wp\/v2\/tags?post=31391"}],"curies":[{"name":"wp","href":"https:\/\/api.w.org\/{rel}","templated":true}]}}